








{"id":7368,"date":"2021-07-06T17:22:39","date_gmt":"2021-07-06T22:22:39","guid":{"rendered":"http:\/\/canal.univalle.edu.co\/?p=7368"},"modified":"2021-07-06T17:22:39","modified_gmt":"2021-07-06T22:22:39","slug":"tenemos-hablar-colombia-una-invitacion-las-universidades-al-dialogo","status":"publish","type":"post","link":"https:\/\/canal.univalle.edu.co\/index.php\/tenemos-hablar-colombia-una-invitacion-las-universidades-al-dialogo\/","title":{"rendered":"Tenemos que Hablar Colombia, una invitaci\u00f3n de las universidades al di\u00e1logo"},"content":{"rendered":"<p>En la coyuntura hist\u00f3rica que atraviesa el pa\u00eds, seis universidades presentaron este 30 de junio Tenemos que Hablar Colombia, una plataforma que busca establecer un puente de di\u00e1logo entre diversos actores de la sociedad para la construcci\u00f3n conjunta de una hoja de ruta que integre las diferentes visiones de pa\u00eds y aporte a la toma de decisiones.<\/p>\n<p style=\"text-align: center;\"><iframe loading=\"lazy\" title=\"YouTube video player\" src=\"https:\/\/www.youtube.com\/embed\/R6GQOMhzzw4\" width=\"560\" height=\"315\" frameborder=\"0\" allowfullscreen=\"allowfullscreen\"><\/iframe><\/p>\n","protected":false},"excerpt":{"rendered":"<p>En la coyuntura hist\u00f3rica que atraviesa el pa\u00eds, seis universidades presentaron este 30 de junio Tenemos que Hablar Colombia, una plataforma que busca establecer un puente de di\u00e1logo entre diversos actores de la sociedad para la construcci\u00f3n conjunta de una hoja de ruta que integre las diferentes visiones de pa\u00eds[&#8230;]<\/p>\n","protected":false},"author":1,"featured_media":7369,"comment_status":"open","ping_status":"open","sticky":false,"template":"","format":"standard","meta":{"footnotes":""},"categories":[4],"tags":[],"yoast_head":"<!-- This site is optimized with the Yoast SEO plugin v22.2 - https:\/\/yoast.com\/wordpress\/plugins\/seo\/ -->\n<title>Tenemos que Hablar Colombia, una invitaci\u00f3n de las universidades al di\u00e1logo - Canal Universitario \/ Universidad del Valle \/ Cali, Colombia<\/title>\n<meta name=\"robots\" content=\"index, follow, max-snippet:-1, max-image-preview:large, max-video-preview:-1\" \/>\n<link rel=\"canonical\" href=\"https:\/\/canal.univalle.edu.co\/index.php\/tenemos-hablar-colombia-una-invitacion-las-universidades-al-dialogo\/\" \/>\n<meta property=\"og:locale\" content=\"es_ES\" \/>\n<meta property=\"og:type\" content=\"article\" \/>\n<meta property=\"og:title\" content=\"Tenemos que Hablar Colombia, una invitaci\u00f3n de las universidades al di\u00e1logo - Canal Universitario \/ Universidad del Valle \/ Cali, Colombia\" \/>\n<meta property=\"og:description\" content=\"En la coyuntura hist\u00f3rica que atraviesa el pa\u00eds, seis universidades presentaron este 30 de junio Tenemos que Hablar Colombia, una plataforma que busca establecer un puente de di\u00e1logo entre diversos actores de la sociedad para la construcci\u00f3n conjunta de una hoja de ruta que integre las diferentes visiones de pa\u00eds[...]\" \/>\n<meta property=\"og:url\" content=\"https:\/\/canal.univalle.edu.co\/index.php\/tenemos-hablar-colombia-una-invitacion-las-universidades-al-dialogo\/\" \/>\n<meta property=\"og:site_name\" content=\"Canal Universitario \/ Universidad del Valle \/ Cali, Colombia\" \/>\n<meta property=\"article:published_time\" content=\"2021-07-06T22:22:39+00:00\" \/>\n<meta property=\"og:image\" content=\"https:\/\/canal.univalle.edu.co\/wp-content\/uploads\/2021\/07\/626f6146f59d48b5efdf954f07d3a06c_M-2.jpg\" \/>\n\t<meta property=\"og:image:width\" content=\"945\" \/>\n\t<meta property=\"og:image:height\" content=\"533\" \/>\n\t<meta property=\"og:image:type\" content=\"image\/jpeg\" \/>\n<meta name=\"author\" content=\"admin\" \/>\n<meta name=\"twitter:label1\" content=\"Escrito por\" \/>\n\t<meta name=\"twitter:data1\" content=\"admin\" \/>\n<script type=\"application\/ld+json\" class=\"yoast-schema-graph\">{\"@context\":\"https:\/\/schema.org\",\"@graph\":[{\"@type\":\"WebPage\",\"@id\":\"https:\/\/canal.univalle.edu.co\/index.php\/tenemos-hablar-colombia-una-invitacion-las-universidades-al-dialogo\/\",\"url\":\"https:\/\/canal.univalle.edu.co\/index.php\/tenemos-hablar-colombia-una-invitacion-las-universidades-al-dialogo\/\",\"name\":\"Tenemos que Hablar Colombia, una invitaci\u00f3n de las universidades al di\u00e1logo - Canal Universitario \/ Universidad del Valle \/ Cali, Colombia\",\"isPartOf\":{\"@id\":\"https:\/\/canal.univalle.edu.co\/#website\"},\"primaryImageOfPage\":{\"@id\":\"https:\/\/canal.univalle.edu.co\/index.php\/tenemos-hablar-colombia-una-invitacion-las-universidades-al-dialogo\/#primaryimage\"},\"image\":{\"@id\":\"https:\/\/canal.univalle.edu.co\/index.php\/tenemos-hablar-colombia-una-invitacion-las-universidades-al-dialogo\/#primaryimage\"},\"thumbnailUrl\":\"https:\/\/canal.univalle.edu.co\/wp-content\/uploads\/2021\/07\/626f6146f59d48b5efdf954f07d3a06c_M-2.jpg\",\"datePublished\":\"2021-07-06T22:22:39+00:00\",\"dateModified\":\"2021-07-06T22:22:39+00:00\",\"author\":{\"@id\":\"https:\/\/canal.univalle.edu.co\/#\/schema\/person\/fdb5cfa956cbb247f92e3dcdf4a14750\"},\"breadcrumb\":{\"@id\":\"https:\/\/canal.univalle.edu.co\/index.php\/tenemos-hablar-colombia-una-invitacion-las-universidades-al-dialogo\/#breadcrumb\"},\"inLanguage\":\"es\",\"potentialAction\":[{\"@type\":\"ReadAction\",\"target\":[\"https:\/\/canal.univalle.edu.co\/index.php\/tenemos-hablar-colombia-una-invitacion-las-universidades-al-dialogo\/\"]}]},{\"@type\":\"ImageObject\",\"inLanguage\":\"es\",\"@id\":\"https:\/\/canal.univalle.edu.co\/index.php\/tenemos-hablar-colombia-una-invitacion-las-universidades-al-dialogo\/#primaryimage\",\"url\":\"https:\/\/canal.univalle.edu.co\/wp-content\/uploads\/2021\/07\/626f6146f59d48b5efdf954f07d3a06c_M-2.jpg\",\"contentUrl\":\"https:\/\/canal.univalle.edu.co\/wp-content\/uploads\/2021\/07\/626f6146f59d48b5efdf954f07d3a06c_M-2.jpg\",\"width\":945,\"height\":533},{\"@type\":\"BreadcrumbList\",\"@id\":\"https:\/\/canal.univalle.edu.co\/index.php\/tenemos-hablar-colombia-una-invitacion-las-universidades-al-dialogo\/#breadcrumb\",\"itemListElement\":[{\"@type\":\"ListItem\",\"position\":1,\"name\":\"Portada\",\"item\":\"https:\/\/canal.univalle.edu.co\/\"},{\"@type\":\"ListItem\",\"position\":2,\"name\":\"Tenemos que Hablar Colombia, una invitaci\u00f3n de las universidades al di\u00e1logo\"}]},{\"@type\":\"WebSite\",\"@id\":\"https:\/\/canal.univalle.edu.co\/#website\",\"url\":\"https:\/\/canal.univalle.edu.co\/\",\"name\":\"Canal Universitario \/ Universidad del Valle \/ Cali, Colombia\",\"description\":\"Canal de la Universidad del Valle\",\"potentialAction\":[{\"@type\":\"SearchAction\",\"target\":{\"@type\":\"EntryPoint\",\"urlTemplate\":\"https:\/\/canal.univalle.edu.co\/?s={search_term_string}\"},\"query-input\":\"required name=search_term_string\"}],\"inLanguage\":\"es\"},{\"@type\":\"Person\",\"@id\":\"https:\/\/canal.univalle.edu.co\/#\/schema\/person\/fdb5cfa956cbb247f92e3dcdf4a14750\",\"name\":\"admin\",\"image\":{\"@type\":\"ImageObject\",\"inLanguage\":\"es\",\"@id\":\"https:\/\/canal.univalle.edu.co\/#\/schema\/person\/image\/\",\"url\":\"https:\/\/secure.gravatar.com\/avatar\/ff32245ed1c79b42b1478f4395c36c6d?s=96&d=monsterid&r=g\",\"contentUrl\":\"https:\/\/secure.gravatar.com\/avatar\/ff32245ed1c79b42b1478f4395c36c6d?s=96&d=monsterid&r=g\",\"caption\":\"admin\"},\"url\":\"https:\/\/canal.univalle.edu.co\/index.php\/author\/admin\/\"}]}<\/script>\n<!-- \/ Yoast SEO plugin. -->","yoast_head_json":{"title":"Tenemos que Hablar Colombia, una invitaci\u00f3n de las universidades al di\u00e1logo - Canal Universitario \/ Universidad del Valle \/ Cali, Colombia","robots":{"index":"index","follow":"follow","max-snippet":"max-snippet:-1","max-image-preview":"max-image-preview:large","max-video-preview":"max-video-preview:-1"},"canonical":"https:\/\/canal.univalle.edu.co\/index.php\/tenemos-hablar-colombia-una-invitacion-las-universidades-al-dialogo\/","og_locale":"es_ES","og_type":"article","og_title":"Tenemos que Hablar Colombia, una invitaci\u00f3n de las universidades al di\u00e1logo - Canal Universitario \/ Universidad del Valle \/ Cali, Colombia","og_description":"En la coyuntura hist\u00f3rica que atraviesa el pa\u00eds, seis universidades presentaron este 30 de junio Tenemos que Hablar Colombia, una plataforma que busca establecer un puente de di\u00e1logo entre diversos actores de la sociedad para la construcci\u00f3n conjunta de una hoja de ruta que integre las diferentes visiones de pa\u00eds[...]","og_url":"https:\/\/canal.univalle.edu.co\/index.php\/tenemos-hablar-colombia-una-invitacion-las-universidades-al-dialogo\/","og_site_name":"Canal Universitario \/ Universidad del Valle \/ Cali, Colombia","article_published_time":"2021-07-06T22:22:39+00:00","og_image":[{"width":945,"height":533,"url":"https:\/\/canal.univalle.edu.co\/wp-content\/uploads\/2021\/07\/626f6146f59d48b5efdf954f07d3a06c_M-2.jpg","type":"image\/jpeg"}],"author":"admin","twitter_misc":{"Escrito por":"admin"},"schema":{"@context":"https:\/\/schema.org","@graph":[{"@type":"WebPage","@id":"https:\/\/canal.univalle.edu.co\/index.php\/tenemos-hablar-colombia-una-invitacion-las-universidades-al-dialogo\/","url":"https:\/\/canal.univalle.edu.co\/index.php\/tenemos-hablar-colombia-una-invitacion-las-universidades-al-dialogo\/","name":"Tenemos que Hablar Colombia, una invitaci\u00f3n de las universidades al di\u00e1logo - Canal Universitario \/ Universidad del Valle \/ Cali, Colombia","isPartOf":{"@id":"https:\/\/canal.univalle.edu.co\/#website"},"primaryImageOfPage":{"@id":"https:\/\/canal.univalle.edu.co\/index.php\/tenemos-hablar-colombia-una-invitacion-las-universidades-al-dialogo\/#primaryimage"},"image":{"@id":"https:\/\/canal.univalle.edu.co\/index.php\/tenemos-hablar-colombia-una-invitacion-las-universidades-al-dialogo\/#primaryimage"},"thumbnailUrl":"https:\/\/canal.univalle.edu.co\/wp-content\/uploads\/2021\/07\/626f6146f59d48b5efdf954f07d3a06c_M-2.jpg","datePublished":"2021-07-06T22:22:39+00:00","dateModified":"2021-07-06T22:22:39+00:00","author":{"@id":"https:\/\/canal.univalle.edu.co\/#\/schema\/person\/fdb5cfa956cbb247f92e3dcdf4a14750"},"breadcrumb":{"@id":"https:\/\/canal.univalle.edu.co\/index.php\/tenemos-hablar-colombia-una-invitacion-las-universidades-al-dialogo\/#breadcrumb"},"inLanguage":"es","potentialAction":[{"@type":"ReadAction","target":["https:\/\/canal.univalle.edu.co\/index.php\/tenemos-hablar-colombia-una-invitacion-las-universidades-al-dialogo\/"]}]},{"@type":"ImageObject","inLanguage":"es","@id":"https:\/\/canal.univalle.edu.co\/index.php\/tenemos-hablar-colombia-una-invitacion-las-universidades-al-dialogo\/#primaryimage","url":"https:\/\/canal.univalle.edu.co\/wp-content\/uploads\/2021\/07\/626f6146f59d48b5efdf954f07d3a06c_M-2.jpg","contentUrl":"https:\/\/canal.univalle.edu.co\/wp-content\/uploads\/2021\/07\/626f6146f59d48b5efdf954f07d3a06c_M-2.jpg","width":945,"height":533},{"@type":"BreadcrumbList","@id":"https:\/\/canal.univalle.edu.co\/index.php\/tenemos-hablar-colombia-una-invitacion-las-universidades-al-dialogo\/#breadcrumb","itemListElement":[{"@type":"ListItem","position":1,"name":"Portada","item":"https:\/\/canal.univalle.edu.co\/"},{"@type":"ListItem","position":2,"name":"Tenemos que Hablar Colombia, una invitaci\u00f3n de las universidades al di\u00e1logo"}]},{"@type":"WebSite","@id":"https:\/\/canal.univalle.edu.co\/#website","url":"https:\/\/canal.univalle.edu.co\/","name":"Canal Universitario \/ Universidad del Valle \/ Cali, Colombia","description":"Canal de la Universidad del Valle","potentialAction":[{"@type":"SearchAction","target":{"@type":"EntryPoint","urlTemplate":"https:\/\/canal.univalle.edu.co\/?s={search_term_string}"},"query-input":"required name=search_term_string"}],"inLanguage":"es"},{"@type":"Person","@id":"https:\/\/canal.univalle.edu.co\/#\/schema\/person\/fdb5cfa956cbb247f92e3dcdf4a14750","name":"admin","image":{"@type":"ImageObject","inLanguage":"es","@id":"https:\/\/canal.univalle.edu.co\/#\/schema\/person\/image\/","url":"https:\/\/secure.gravatar.com\/avatar\/ff32245ed1c79b42b1478f4395c36c6d?s=96&d=monsterid&r=g","contentUrl":"https:\/\/secure.gravatar.com\/avatar\/ff32245ed1c79b42b1478f4395c36c6d?s=96&d=monsterid&r=g","caption":"admin"},"url":"https:\/\/canal.univalle.edu.co\/index.php\/author\/admin\/"}]}},"_links":{"self":[{"href":"https:\/\/canal.univalle.edu.co\/index.php\/wp-json\/wp\/v2\/posts\/7368"}],"collection":[{"href":"https:\/\/canal.univalle.edu.co\/index.php\/wp-json\/wp\/v2\/posts"}],"about":[{"href":"https:\/\/canal.univalle.edu.co\/index.php\/wp-json\/wp\/v2\/types\/post"}],"author":[{"embeddable":true,"href":"https:\/\/canal.univalle.edu.co\/index.php\/wp-json\/wp\/v2\/users\/1"}],"replies":[{"embeddable":true,"href":"https:\/\/canal.univalle.edu.co\/index.php\/wp-json\/wp\/v2\/comments?post=7368"}],"version-history":[{"count":1,"href":"https:\/\/canal.univalle.edu.co\/index.php\/wp-json\/wp\/v2\/posts\/7368\/revisions"}],"predecessor-version":[{"id":7370,"href":"https:\/\/canal.univalle.edu.co\/index.php\/wp-json\/wp\/v2\/posts\/7368\/revisions\/7370"}],"wp:featuredmedia":[{"embeddable":true,"href":"https:\/\/canal.univalle.edu.co\/index.php\/wp-json\/wp\/v2\/media\/7369"}],"wp:attachment":[{"href":"https:\/\/canal.univalle.edu.co\/index.php\/wp-json\/wp\/v2\/media?parent=7368"}],"wp:term":[{"taxonomy":"category","embeddable":true,"href":"https:\/\/canal.univalle.edu.co\/index.php\/wp-json\/wp\/v2\/categories?post=7368"},{"taxonomy":"post_tag","embeddable":true,"href":"https:\/\/canal.univalle.edu.co\/index.php\/wp-json\/wp\/v2\/tags?post=7368"}],"curies":[{"name":"wp","href":"https:\/\/api.w.org\/{rel}","templated":true}]}}