








{"id":7310,"date":"2021-05-07T08:49:10","date_gmt":"2021-05-07T13:49:10","guid":{"rendered":"http:\/\/canal.univalle.edu.co\/?p=7310"},"modified":"2021-05-07T08:49:10","modified_gmt":"2021-05-07T13:49:10","slug":"foro-medios-redes-protesta-social","status":"publish","type":"post","link":"https:\/\/canal.univalle.edu.co\/index.php\/foro-medios-redes-protesta-social\/","title":{"rendered":"Foro \u00abMedios. Redes y protesta social\u00bb"},"content":{"rendered":"<p><span class=\"authorPost\">Agencia de Noticias Univalle<\/span><\/p>\n<div class=\"itemFullText\">\n<p>Desde el inicio de la protesta social que comenz\u00f3 el 28 de abril en el contexto del Paro Nacional como rechazo a la reforma tributaria y otras medidas del gobierno de Iv\u00e1n Duque, la ciudad de Cali se constituy\u00f3 en el epicentro de una movilizaci\u00f3n plural y sostenida de diversos sectores sociales &#8211; estudiantes, sindicalistas, l\u00edderes barriales, organizaciones de mujeres, grupos culturales-. A su vez, se convirti\u00f3 en el escenario de una acci\u00f3n delincuencial y destructiva a la que se sum\u00f3 el uso indiscriminado y desproporcionado de la fuerza p\u00fablica, a trav\u00e9s de la presencia policial y del ESMAD y de la militarizaci\u00f3n de la ciudad, ejecutada a partir de una directriz presidencial.<\/p>\n<p>Ante la magnitud de los cruentos eventos de los \u00faltimos d\u00edas en Cali, hemos experimentado una pugna por el posicionamiento de diferentes agendas a trav\u00e9s del uso de los medios de comunicaci\u00f3n, todo lo cual ha creado, adem\u00e1s de mecanismos de censura, una sobreexposici\u00f3n de im\u00e1genes y discursos desde muy diversos \u00e1ngulos y posiciones que terminan construyendo un entramado confuso y parcial de lo que est\u00e1 pasando en las calles: una comunicaci\u00f3n gubernamental dispersa y ajena a lo que pasa en la ciudad, medios de comunicaci\u00f3n masiva que privilegian la postura institucional y el encuadre del vandalismo y la estigmatizaci\u00f3n de la protesta social, una explosi\u00f3n de medios alternativos en las redes sociales que hacen acompa\u00f1amiento a los diferentes puntos de concentraci\u00f3n, que denuncian los abusos policiales m\u00ednimamente mostrados en los grandes medios y que destacan los procesos de resistencia de los manifestantes. Se agrega, adem\u00e1s, la capacidad de viralizaci\u00f3n de las redes sociales y de saturaci\u00f3n de voces e im\u00e1genes de diversidad de sectores: las noticias falsas, los insultos, las incitaciones a la violencia, entre otros, hacen m\u00e1s complejo el panorama.<\/p>\n<p>Las preguntas que nos planteamos entonces giran en torno a c\u00f3mo darle un sentido al tumulto de informaciones a las que estamos sobreexpuestos. As\u00ed mismo, c\u00f3mo contribuir desde los escenarios medi\u00e1ticos y redes sociales al cese de la violencia y del abuso de la fuerza p\u00fablica. Nos interesa indagar en lecturas sobre lo que est\u00e1 pasando en esta ecolog\u00eda medi\u00e1tica- informativa confusa.<\/p>\n<p><strong>Invitados<\/strong>:<br \/>\nNicole Bravo, corresponsal de La Silla Vac\u00eda. Egresada de la Escuela de Comunicaci\u00f3n Social de la Universidad del Valle.<br \/>\nOscar Campo Hurtado, profesor de la Escuela de Comunicaci\u00f3n Social de la Universidad del Valle. Documentalista.<br \/>\nFabio L\u00f3pez de la Roche, profesor del Instituto de Estudios Pol\u00edticos IEPRI, de la Universidad Nacional de Colombia.<br \/>\nLuis Alfonso Mena, mag\u00edster en Historia y periodista independiente. Director de Periodismo Libre.<\/p>\n<p><strong>Foro \u00abMedios. Redes y protesta social\u00bb<\/strong><br \/>\nMensajes medi\u00e1ticos emergentes en contextos pol\u00edticos fracturados<br \/>\nOrganiza: Escuela de Comunicaci\u00f3n Social de la Universidad del Valle<br \/>\nMayo 10 de 2021. 10:00 a.m.<br \/>\nEl evento ser\u00e1 transmitido a trav\u00e9s del siguiente enlace\u00a0<a href=\"https:\/\/lobby.sar.ruav.edu.co\/#\/2X3QKVK1RXDH\">https:\/\/lobby.sar.ruav.edu.co\/#\/2X3QKVK1RXDH<\/a><\/p>\n<\/div>\n","protected":false},"excerpt":{"rendered":"<p>Agencia de Noticias Univalle Desde el inicio de la protesta social que comenz\u00f3 el 28 de abril en el contexto del Paro Nacional como rechazo a la reforma tributaria y otras medidas del gobierno de Iv\u00e1n Duque, la ciudad de Cali se constituy\u00f3 en el epicentro de una movilizaci\u00f3n plural[&#8230;]<\/p>\n","protected":false},"author":1,"featured_media":7311,"comment_status":"open","ping_status":"open","sticky":false,"template":"","format":"standard","meta":{"footnotes":""},"categories":[4],"tags":[],"yoast_head":"<!-- This site is optimized with the Yoast SEO plugin v22.2 - https:\/\/yoast.com\/wordpress\/plugins\/seo\/ -->\n<title>Foro &quot;Medios. Redes y protesta social&quot; - Canal Universitario \/ Universidad del Valle \/ Cali, Colombia<\/title>\n<meta name=\"robots\" content=\"index, follow, max-snippet:-1, max-image-preview:large, max-video-preview:-1\" \/>\n<link rel=\"canonical\" href=\"https:\/\/canal.univalle.edu.co\/index.php\/foro-medios-redes-protesta-social\/\" \/>\n<meta property=\"og:locale\" content=\"es_ES\" \/>\n<meta property=\"og:type\" content=\"article\" \/>\n<meta property=\"og:title\" content=\"Foro &quot;Medios. Redes y protesta social&quot; - Canal Universitario \/ Universidad del Valle \/ Cali, Colombia\" \/>\n<meta property=\"og:description\" content=\"Agencia de Noticias Univalle Desde el inicio de la protesta social que comenz\u00f3 el 28 de abril en el contexto del Paro Nacional como rechazo a la reforma tributaria y otras medidas del gobierno de Iv\u00e1n Duque, la ciudad de Cali se constituy\u00f3 en el epicentro de una movilizaci\u00f3n plural[...]\" \/>\n<meta property=\"og:url\" content=\"https:\/\/canal.univalle.edu.co\/index.php\/foro-medios-redes-protesta-social\/\" \/>\n<meta property=\"og:site_name\" content=\"Canal Universitario \/ Universidad del Valle \/ Cali, Colombia\" \/>\n<meta property=\"article:published_time\" content=\"2021-05-07T13:49:10+00:00\" \/>\n<meta property=\"og:image\" content=\"https:\/\/canal.univalle.edu.co\/wp-content\/uploads\/2021\/05\/4323a5e9bb9a720324a039341110fc7b_M.jpg\" \/>\n\t<meta property=\"og:image:width\" content=\"400\" \/>\n\t<meta property=\"og:image:height\" content=\"400\" \/>\n\t<meta property=\"og:image:type\" content=\"image\/jpeg\" \/>\n<meta name=\"author\" content=\"admin\" \/>\n<meta name=\"twitter:label1\" content=\"Escrito por\" \/>\n\t<meta name=\"twitter:data1\" content=\"admin\" \/>\n\t<meta name=\"twitter:label2\" content=\"Tiempo de lectura\" \/>\n\t<meta name=\"twitter:data2\" content=\"3 minutos\" \/>\n<script type=\"application\/ld+json\" class=\"yoast-schema-graph\">{\"@context\":\"https:\/\/schema.org\",\"@graph\":[{\"@type\":\"WebPage\",\"@id\":\"https:\/\/canal.univalle.edu.co\/index.php\/foro-medios-redes-protesta-social\/\",\"url\":\"https:\/\/canal.univalle.edu.co\/index.php\/foro-medios-redes-protesta-social\/\",\"name\":\"Foro \\\"Medios. Redes y protesta social\\\" - Canal Universitario \/ Universidad del Valle \/ Cali, Colombia\",\"isPartOf\":{\"@id\":\"https:\/\/canal.univalle.edu.co\/#website\"},\"primaryImageOfPage\":{\"@id\":\"https:\/\/canal.univalle.edu.co\/index.php\/foro-medios-redes-protesta-social\/#primaryimage\"},\"image\":{\"@id\":\"https:\/\/canal.univalle.edu.co\/index.php\/foro-medios-redes-protesta-social\/#primaryimage\"},\"thumbnailUrl\":\"https:\/\/canal.univalle.edu.co\/wp-content\/uploads\/2021\/05\/4323a5e9bb9a720324a039341110fc7b_M.jpg\",\"datePublished\":\"2021-05-07T13:49:10+00:00\",\"dateModified\":\"2021-05-07T13:49:10+00:00\",\"author\":{\"@id\":\"https:\/\/canal.univalle.edu.co\/#\/schema\/person\/fdb5cfa956cbb247f92e3dcdf4a14750\"},\"breadcrumb\":{\"@id\":\"https:\/\/canal.univalle.edu.co\/index.php\/foro-medios-redes-protesta-social\/#breadcrumb\"},\"inLanguage\":\"es\",\"potentialAction\":[{\"@type\":\"ReadAction\",\"target\":[\"https:\/\/canal.univalle.edu.co\/index.php\/foro-medios-redes-protesta-social\/\"]}]},{\"@type\":\"ImageObject\",\"inLanguage\":\"es\",\"@id\":\"https:\/\/canal.univalle.edu.co\/index.php\/foro-medios-redes-protesta-social\/#primaryimage\",\"url\":\"https:\/\/canal.univalle.edu.co\/wp-content\/uploads\/2021\/05\/4323a5e9bb9a720324a039341110fc7b_M.jpg\",\"contentUrl\":\"https:\/\/canal.univalle.edu.co\/wp-content\/uploads\/2021\/05\/4323a5e9bb9a720324a039341110fc7b_M.jpg\",\"width\":400,\"height\":400},{\"@type\":\"BreadcrumbList\",\"@id\":\"https:\/\/canal.univalle.edu.co\/index.php\/foro-medios-redes-protesta-social\/#breadcrumb\",\"itemListElement\":[{\"@type\":\"ListItem\",\"position\":1,\"name\":\"Portada\",\"item\":\"https:\/\/canal.univalle.edu.co\/\"},{\"@type\":\"ListItem\",\"position\":2,\"name\":\"Foro \u00abMedios. Redes y protesta social\u00bb\"}]},{\"@type\":\"WebSite\",\"@id\":\"https:\/\/canal.univalle.edu.co\/#website\",\"url\":\"https:\/\/canal.univalle.edu.co\/\",\"name\":\"Canal Universitario \/ Universidad del Valle \/ Cali, Colombia\",\"description\":\"Canal de la Universidad del Valle\",\"potentialAction\":[{\"@type\":\"SearchAction\",\"target\":{\"@type\":\"EntryPoint\",\"urlTemplate\":\"https:\/\/canal.univalle.edu.co\/?s={search_term_string}\"},\"query-input\":\"required name=search_term_string\"}],\"inLanguage\":\"es\"},{\"@type\":\"Person\",\"@id\":\"https:\/\/canal.univalle.edu.co\/#\/schema\/person\/fdb5cfa956cbb247f92e3dcdf4a14750\",\"name\":\"admin\",\"image\":{\"@type\":\"ImageObject\",\"inLanguage\":\"es\",\"@id\":\"https:\/\/canal.univalle.edu.co\/#\/schema\/person\/image\/\",\"url\":\"https:\/\/secure.gravatar.com\/avatar\/ff32245ed1c79b42b1478f4395c36c6d?s=96&d=monsterid&r=g\",\"contentUrl\":\"https:\/\/secure.gravatar.com\/avatar\/ff32245ed1c79b42b1478f4395c36c6d?s=96&d=monsterid&r=g\",\"caption\":\"admin\"},\"url\":\"https:\/\/canal.univalle.edu.co\/index.php\/author\/admin\/\"}]}<\/script>\n<!-- \/ Yoast SEO plugin. -->","yoast_head_json":{"title":"Foro \"Medios. Redes y protesta social\" - Canal Universitario \/ Universidad del Valle \/ Cali, Colombia","robots":{"index":"index","follow":"follow","max-snippet":"max-snippet:-1","max-image-preview":"max-image-preview:large","max-video-preview":"max-video-preview:-1"},"canonical":"https:\/\/canal.univalle.edu.co\/index.php\/foro-medios-redes-protesta-social\/","og_locale":"es_ES","og_type":"article","og_title":"Foro \"Medios. Redes y protesta social\" - Canal Universitario \/ Universidad del Valle \/ Cali, Colombia","og_description":"Agencia de Noticias Univalle Desde el inicio de la protesta social que comenz\u00f3 el 28 de abril en el contexto del Paro Nacional como rechazo a la reforma tributaria y otras medidas del gobierno de Iv\u00e1n Duque, la ciudad de Cali se constituy\u00f3 en el epicentro de una movilizaci\u00f3n plural[...]","og_url":"https:\/\/canal.univalle.edu.co\/index.php\/foro-medios-redes-protesta-social\/","og_site_name":"Canal Universitario \/ Universidad del Valle \/ Cali, Colombia","article_published_time":"2021-05-07T13:49:10+00:00","og_image":[{"width":400,"height":400,"url":"https:\/\/canal.univalle.edu.co\/wp-content\/uploads\/2021\/05\/4323a5e9bb9a720324a039341110fc7b_M.jpg","type":"image\/jpeg"}],"author":"admin","twitter_misc":{"Escrito por":"admin","Tiempo de lectura":"3 minutos"},"schema":{"@context":"https:\/\/schema.org","@graph":[{"@type":"WebPage","@id":"https:\/\/canal.univalle.edu.co\/index.php\/foro-medios-redes-protesta-social\/","url":"https:\/\/canal.univalle.edu.co\/index.php\/foro-medios-redes-protesta-social\/","name":"Foro \"Medios. Redes y protesta social\" - Canal Universitario \/ Universidad del Valle \/ Cali, Colombia","isPartOf":{"@id":"https:\/\/canal.univalle.edu.co\/#website"},"primaryImageOfPage":{"@id":"https:\/\/canal.univalle.edu.co\/index.php\/foro-medios-redes-protesta-social\/#primaryimage"},"image":{"@id":"https:\/\/canal.univalle.edu.co\/index.php\/foro-medios-redes-protesta-social\/#primaryimage"},"thumbnailUrl":"https:\/\/canal.univalle.edu.co\/wp-content\/uploads\/2021\/05\/4323a5e9bb9a720324a039341110fc7b_M.jpg","datePublished":"2021-05-07T13:49:10+00:00","dateModified":"2021-05-07T13:49:10+00:00","author":{"@id":"https:\/\/canal.univalle.edu.co\/#\/schema\/person\/fdb5cfa956cbb247f92e3dcdf4a14750"},"breadcrumb":{"@id":"https:\/\/canal.univalle.edu.co\/index.php\/foro-medios-redes-protesta-social\/#breadcrumb"},"inLanguage":"es","potentialAction":[{"@type":"ReadAction","target":["https:\/\/canal.univalle.edu.co\/index.php\/foro-medios-redes-protesta-social\/"]}]},{"@type":"ImageObject","inLanguage":"es","@id":"https:\/\/canal.univalle.edu.co\/index.php\/foro-medios-redes-protesta-social\/#primaryimage","url":"https:\/\/canal.univalle.edu.co\/wp-content\/uploads\/2021\/05\/4323a5e9bb9a720324a039341110fc7b_M.jpg","contentUrl":"https:\/\/canal.univalle.edu.co\/wp-content\/uploads\/2021\/05\/4323a5e9bb9a720324a039341110fc7b_M.jpg","width":400,"height":400},{"@type":"BreadcrumbList","@id":"https:\/\/canal.univalle.edu.co\/index.php\/foro-medios-redes-protesta-social\/#breadcrumb","itemListElement":[{"@type":"ListItem","position":1,"name":"Portada","item":"https:\/\/canal.univalle.edu.co\/"},{"@type":"ListItem","position":2,"name":"Foro \u00abMedios. Redes y protesta social\u00bb"}]},{"@type":"WebSite","@id":"https:\/\/canal.univalle.edu.co\/#website","url":"https:\/\/canal.univalle.edu.co\/","name":"Canal Universitario \/ Universidad del Valle \/ Cali, Colombia","description":"Canal de la Universidad del Valle","potentialAction":[{"@type":"SearchAction","target":{"@type":"EntryPoint","urlTemplate":"https:\/\/canal.univalle.edu.co\/?s={search_term_string}"},"query-input":"required name=search_term_string"}],"inLanguage":"es"},{"@type":"Person","@id":"https:\/\/canal.univalle.edu.co\/#\/schema\/person\/fdb5cfa956cbb247f92e3dcdf4a14750","name":"admin","image":{"@type":"ImageObject","inLanguage":"es","@id":"https:\/\/canal.univalle.edu.co\/#\/schema\/person\/image\/","url":"https:\/\/secure.gravatar.com\/avatar\/ff32245ed1c79b42b1478f4395c36c6d?s=96&d=monsterid&r=g","contentUrl":"https:\/\/secure.gravatar.com\/avatar\/ff32245ed1c79b42b1478f4395c36c6d?s=96&d=monsterid&r=g","caption":"admin"},"url":"https:\/\/canal.univalle.edu.co\/index.php\/author\/admin\/"}]}},"_links":{"self":[{"href":"https:\/\/canal.univalle.edu.co\/index.php\/wp-json\/wp\/v2\/posts\/7310"}],"collection":[{"href":"https:\/\/canal.univalle.edu.co\/index.php\/wp-json\/wp\/v2\/posts"}],"about":[{"href":"https:\/\/canal.univalle.edu.co\/index.php\/wp-json\/wp\/v2\/types\/post"}],"author":[{"embeddable":true,"href":"https:\/\/canal.univalle.edu.co\/index.php\/wp-json\/wp\/v2\/users\/1"}],"replies":[{"embeddable":true,"href":"https:\/\/canal.univalle.edu.co\/index.php\/wp-json\/wp\/v2\/comments?post=7310"}],"version-history":[{"count":1,"href":"https:\/\/canal.univalle.edu.co\/index.php\/wp-json\/wp\/v2\/posts\/7310\/revisions"}],"predecessor-version":[{"id":7312,"href":"https:\/\/canal.univalle.edu.co\/index.php\/wp-json\/wp\/v2\/posts\/7310\/revisions\/7312"}],"wp:featuredmedia":[{"embeddable":true,"href":"https:\/\/canal.univalle.edu.co\/index.php\/wp-json\/wp\/v2\/media\/7311"}],"wp:attachment":[{"href":"https:\/\/canal.univalle.edu.co\/index.php\/wp-json\/wp\/v2\/media?parent=7310"}],"wp:term":[{"taxonomy":"category","embeddable":true,"href":"https:\/\/canal.univalle.edu.co\/index.php\/wp-json\/wp\/v2\/categories?post=7310"},{"taxonomy":"post_tag","embeddable":true,"href":"https:\/\/canal.univalle.edu.co\/index.php\/wp-json\/wp\/v2\/tags?post=7310"}],"curies":[{"name":"wp","href":"https:\/\/api.w.org\/{rel}","templated":true}]}}