








{"id":7254,"date":"2021-02-23T12:57:10","date_gmt":"2021-02-23T17:57:10","guid":{"rendered":"http:\/\/canal.univalle.edu.co\/?p=7254"},"modified":"2021-02-23T12:57:10","modified_gmt":"2021-02-23T17:57:10","slug":"univalle-abrira-puertas-florida","status":"publish","type":"post","link":"https:\/\/canal.univalle.edu.co\/index.php\/univalle-abrira-puertas-florida\/","title":{"rendered":"Univalle abrir\u00e1 sus puertas en Florida"},"content":{"rendered":"<p>La Universidad del Valle, la Alcald\u00eda de Florida y la Fundaci\u00f3n Caicedo Gonz\u00e1lez Riopaila Castilla pusieron en marcha el acuerdo tripartito, para la creaci\u00f3n de un nodo de la Universidad en el municipio, con la visita al Parque Recreacional Jaime H. Caicedo, donde estar\u00e1 ubicada la instituci\u00f3n.<\/p>\n<p style=\"text-align: center;\"><iframe loading=\"lazy\" src=\"https:\/\/www.youtube.com\/embed\/CFy3KKCuTgY\" width=\"560\" height=\"315\" frameborder=\"0\" allowfullscreen=\"allowfullscreen\"><\/iframe><\/p>\n<p style=\"text-align: center;\">\n<p>La Universidad del Valle, la Alcald\u00eda de Florida y la Fundaci\u00f3n Caicedo Gonz\u00e1lez Riopaila Castilla pusieron en marcha el acuerdo tripartito, para la creaci\u00f3n de un nodo de la Universidad en el municipio, con la visita al Parque Recreacional Jaime H. Caicedo, donde estar\u00e1 ubicada la instituci\u00f3n.<\/p>\n<p>\u201cHoy vinimos a visitar las instalaciones del centro recreacional que la Fundaci\u00f3n Caicedo Gonz\u00e1lez habilitar\u00e1, a trav\u00e9s de una donaci\u00f3n, para que funcione el campus de la Universidad del Valle en el nodo Florida. Hicimos un recorrido por su infraestructura y determinamos que, aunque se requieren algunas adecuaciones, es un espacio adecuado al que le falta muy poco para que pueda comenzar a funcionar\u201d, expres\u00f3 el rector Edgar Varela.<\/p>\n<p>El profesor Varela record\u00f3 tambi\u00e9n que ya est\u00e1n definidos algunos de los programas que comenzar\u00e1n a ofrecerse en consenso con las unidades acad\u00e9micas. Posterior a la apertura del nodo, se plantea abrir m\u00e1s programas que diversifiquen la oferta acad\u00e9mica en la regi\u00f3n con la pertinencia requerida para el crecimiento del municipio en sus \u00e1reas de inter\u00e9s.<\/p>\n<p>\u201cLlevamos varios meses trabajando para que empiecen las clases con la oferta inicial que tendremos en el nodo. Ya tenemos definidos algunos programas acad\u00e9micos como Administraci\u00f3n de Empresas, Contadur\u00eda P\u00fablica, Tecnolog\u00eda Agroforestal, Tecnolog\u00eda Agroambiental y esperamos, en un futuro pr\u00f3ximo, aumentar esta oferta con m\u00e1s carreras\u201d.<\/p>\n<p>Por otro lado, el directivo enfatiz\u00f3 en la necesidad dar vida de forma inmediata al sue\u00f1o de la Universidad del Valle en Florida con actividades acad\u00e9micas y culturales.<\/p>\n<p>\u201cEs muy importante que empecemos a usar este campus desde ya. En ese sentido, hemos acordado hacer una programaci\u00f3n de capacitaciones y de eventos de distinto tipo dirigidos a emprendedores y l\u00edderes. Tambi\u00e9n realizaremos viernes de la cultura cada 15 d\u00edas con participaci\u00f3n de grupos art\u00edsticos y culturales de la Universidad del Valle y del municipio. Entre todos vamos a reactivar este espacio que ha sido tan \u00fatil para la ciudad\u201d, afirm\u00f3 el rector.<\/p>\n<p>Dentro de los programas de extensi\u00f3n que dar\u00eda inicio al nodo, el director de Regionalizaci\u00f3n Augusto Rodr\u00edguez resalt\u00f3 los procesos de actualizaci\u00f3n y mejor\u00eda de competencias para educadores del municipio y destac\u00f3 las alianzas para respaldar a los emprendimientos.<\/p>\n<p>\u201cEn este momento detectamos la necesidad de formar a l\u00edderes sociales y comunitarios con un diplomado en desarrollo comunitario y liderazgo, as\u00ed como tambi\u00e9n trabajaremos en soportar los requerimientos en apoyo para los emprendedores, por lo que tendremos una alianza con INNpulsa, a trav\u00e9s del programa Cemprende\u201d, expres\u00f3 el director.<\/p>\n<p>Adicionalmente, el profesor Rodr\u00edguez hizo \u00e9nfasis en el trabajo formativo que desarrollar\u00e1 la universidad para fortalecer los procesos de educaci\u00f3n b\u00e1sica y media. \u201cComo universidad queremos garantizar mejoras en la educaci\u00f3n no s\u00f3lo de algunos estudiantes, sino de todas las generaciones de j\u00f3venes floridanos. Es por esto que trabajaremos, de la mano del Instituto de Educaci\u00f3n y Pedagog\u00eda de Univalle, en actualizar y mejorar las competencias de los educadores, que son los agentes transformadores en la formaci\u00f3n de nuestros futuros estudiantes universitarios\u201d.<\/p>\n<p>Con estas medidas se ratifica la voluntad de la direcci\u00f3n universitaria, as\u00ed como de la Alcald\u00eda y la Fundaci\u00f3n Caicedo Gonz\u00e1lez Riopaila Castilla, para garantizar el derecho a la educaci\u00f3n superior de calidad en la regi\u00f3n en aras de la creaci\u00f3n de una sociedad m\u00e1s justa y equitativa.<\/p>\n","protected":false},"excerpt":{"rendered":"<p>La Universidad del Valle, la Alcald\u00eda de Florida y la Fundaci\u00f3n Caicedo Gonz\u00e1lez Riopaila Castilla pusieron en marcha el acuerdo tripartito, para la creaci\u00f3n de un nodo de la Universidad en el municipio, con la visita al Parque Recreacional Jaime H. Caicedo, donde estar\u00e1 ubicada la instituci\u00f3n. La Universidad del[&#8230;]<\/p>\n","protected":false},"author":1,"featured_media":7255,"comment_status":"open","ping_status":"open","sticky":false,"template":"","format":"standard","meta":{"footnotes":""},"categories":[4],"tags":[],"yoast_head":"<!-- This site is optimized with the Yoast SEO plugin v22.2 - https:\/\/yoast.com\/wordpress\/plugins\/seo\/ -->\n<title>Univalle abrir\u00e1 sus puertas en Florida - Canal Universitario \/ Universidad del Valle \/ Cali, Colombia<\/title>\n<meta name=\"robots\" content=\"index, follow, max-snippet:-1, max-image-preview:large, max-video-preview:-1\" \/>\n<link rel=\"canonical\" href=\"https:\/\/canal.univalle.edu.co\/index.php\/univalle-abrira-puertas-florida\/\" \/>\n<meta property=\"og:locale\" content=\"es_ES\" \/>\n<meta property=\"og:type\" content=\"article\" \/>\n<meta property=\"og:title\" content=\"Univalle abrir\u00e1 sus puertas en Florida - Canal Universitario \/ Universidad del Valle \/ Cali, Colombia\" \/>\n<meta property=\"og:description\" content=\"La Universidad del Valle, la Alcald\u00eda de Florida y la Fundaci\u00f3n Caicedo Gonz\u00e1lez Riopaila Castilla pusieron en marcha el acuerdo tripartito, para la creaci\u00f3n de un nodo de la Universidad en el municipio, con la visita al Parque Recreacional Jaime H. Caicedo, donde estar\u00e1 ubicada la instituci\u00f3n. La Universidad del[...]\" \/>\n<meta property=\"og:url\" content=\"https:\/\/canal.univalle.edu.co\/index.php\/univalle-abrira-puertas-florida\/\" \/>\n<meta property=\"og:site_name\" content=\"Canal Universitario \/ Universidad del Valle \/ Cali, Colombia\" \/>\n<meta property=\"article:published_time\" content=\"2021-02-23T17:57:10+00:00\" \/>\n<meta property=\"og:image\" content=\"https:\/\/canal.univalle.edu.co\/wp-content\/uploads\/2021\/02\/6f31a96f82a525fcca7d0a1f53c2d9ce_M.jpg\" \/>\n\t<meta property=\"og:image:width\" content=\"400\" \/>\n\t<meta property=\"og:image:height\" content=\"300\" \/>\n\t<meta property=\"og:image:type\" content=\"image\/jpeg\" \/>\n<meta name=\"author\" content=\"admin\" \/>\n<meta name=\"twitter:label1\" content=\"Escrito por\" \/>\n\t<meta name=\"twitter:data1\" content=\"admin\" \/>\n\t<meta name=\"twitter:label2\" content=\"Tiempo de lectura\" \/>\n\t<meta name=\"twitter:data2\" content=\"3 minutos\" \/>\n<script type=\"application\/ld+json\" class=\"yoast-schema-graph\">{\"@context\":\"https:\/\/schema.org\",\"@graph\":[{\"@type\":\"WebPage\",\"@id\":\"https:\/\/canal.univalle.edu.co\/index.php\/univalle-abrira-puertas-florida\/\",\"url\":\"https:\/\/canal.univalle.edu.co\/index.php\/univalle-abrira-puertas-florida\/\",\"name\":\"Univalle abrir\u00e1 sus puertas en Florida - Canal Universitario \/ Universidad del Valle \/ Cali, Colombia\",\"isPartOf\":{\"@id\":\"https:\/\/canal.univalle.edu.co\/#website\"},\"primaryImageOfPage\":{\"@id\":\"https:\/\/canal.univalle.edu.co\/index.php\/univalle-abrira-puertas-florida\/#primaryimage\"},\"image\":{\"@id\":\"https:\/\/canal.univalle.edu.co\/index.php\/univalle-abrira-puertas-florida\/#primaryimage\"},\"thumbnailUrl\":\"https:\/\/canal.univalle.edu.co\/wp-content\/uploads\/2021\/02\/6f31a96f82a525fcca7d0a1f53c2d9ce_M.jpg\",\"datePublished\":\"2021-02-23T17:57:10+00:00\",\"dateModified\":\"2021-02-23T17:57:10+00:00\",\"author\":{\"@id\":\"https:\/\/canal.univalle.edu.co\/#\/schema\/person\/fdb5cfa956cbb247f92e3dcdf4a14750\"},\"breadcrumb\":{\"@id\":\"https:\/\/canal.univalle.edu.co\/index.php\/univalle-abrira-puertas-florida\/#breadcrumb\"},\"inLanguage\":\"es\",\"potentialAction\":[{\"@type\":\"ReadAction\",\"target\":[\"https:\/\/canal.univalle.edu.co\/index.php\/univalle-abrira-puertas-florida\/\"]}]},{\"@type\":\"ImageObject\",\"inLanguage\":\"es\",\"@id\":\"https:\/\/canal.univalle.edu.co\/index.php\/univalle-abrira-puertas-florida\/#primaryimage\",\"url\":\"https:\/\/canal.univalle.edu.co\/wp-content\/uploads\/2021\/02\/6f31a96f82a525fcca7d0a1f53c2d9ce_M.jpg\",\"contentUrl\":\"https:\/\/canal.univalle.edu.co\/wp-content\/uploads\/2021\/02\/6f31a96f82a525fcca7d0a1f53c2d9ce_M.jpg\",\"width\":400,\"height\":300},{\"@type\":\"BreadcrumbList\",\"@id\":\"https:\/\/canal.univalle.edu.co\/index.php\/univalle-abrira-puertas-florida\/#breadcrumb\",\"itemListElement\":[{\"@type\":\"ListItem\",\"position\":1,\"name\":\"Portada\",\"item\":\"https:\/\/canal.univalle.edu.co\/\"},{\"@type\":\"ListItem\",\"position\":2,\"name\":\"Univalle abrir\u00e1 sus puertas en Florida\"}]},{\"@type\":\"WebSite\",\"@id\":\"https:\/\/canal.univalle.edu.co\/#website\",\"url\":\"https:\/\/canal.univalle.edu.co\/\",\"name\":\"Canal Universitario \/ Universidad del Valle \/ Cali, Colombia\",\"description\":\"Canal de la Universidad del Valle\",\"potentialAction\":[{\"@type\":\"SearchAction\",\"target\":{\"@type\":\"EntryPoint\",\"urlTemplate\":\"https:\/\/canal.univalle.edu.co\/?s={search_term_string}\"},\"query-input\":\"required name=search_term_string\"}],\"inLanguage\":\"es\"},{\"@type\":\"Person\",\"@id\":\"https:\/\/canal.univalle.edu.co\/#\/schema\/person\/fdb5cfa956cbb247f92e3dcdf4a14750\",\"name\":\"admin\",\"image\":{\"@type\":\"ImageObject\",\"inLanguage\":\"es\",\"@id\":\"https:\/\/canal.univalle.edu.co\/#\/schema\/person\/image\/\",\"url\":\"https:\/\/secure.gravatar.com\/avatar\/ff32245ed1c79b42b1478f4395c36c6d?s=96&d=monsterid&r=g\",\"contentUrl\":\"https:\/\/secure.gravatar.com\/avatar\/ff32245ed1c79b42b1478f4395c36c6d?s=96&d=monsterid&r=g\",\"caption\":\"admin\"},\"url\":\"https:\/\/canal.univalle.edu.co\/index.php\/author\/admin\/\"}]}<\/script>\n<!-- \/ Yoast SEO plugin. -->","yoast_head_json":{"title":"Univalle abrir\u00e1 sus puertas en Florida - Canal Universitario \/ Universidad del Valle \/ Cali, Colombia","robots":{"index":"index","follow":"follow","max-snippet":"max-snippet:-1","max-image-preview":"max-image-preview:large","max-video-preview":"max-video-preview:-1"},"canonical":"https:\/\/canal.univalle.edu.co\/index.php\/univalle-abrira-puertas-florida\/","og_locale":"es_ES","og_type":"article","og_title":"Univalle abrir\u00e1 sus puertas en Florida - Canal Universitario \/ Universidad del Valle \/ Cali, Colombia","og_description":"La Universidad del Valle, la Alcald\u00eda de Florida y la Fundaci\u00f3n Caicedo Gonz\u00e1lez Riopaila Castilla pusieron en marcha el acuerdo tripartito, para la creaci\u00f3n de un nodo de la Universidad en el municipio, con la visita al Parque Recreacional Jaime H. Caicedo, donde estar\u00e1 ubicada la instituci\u00f3n. La Universidad del[...]","og_url":"https:\/\/canal.univalle.edu.co\/index.php\/univalle-abrira-puertas-florida\/","og_site_name":"Canal Universitario \/ Universidad del Valle \/ Cali, Colombia","article_published_time":"2021-02-23T17:57:10+00:00","og_image":[{"width":400,"height":300,"url":"https:\/\/canal.univalle.edu.co\/wp-content\/uploads\/2021\/02\/6f31a96f82a525fcca7d0a1f53c2d9ce_M.jpg","type":"image\/jpeg"}],"author":"admin","twitter_misc":{"Escrito por":"admin","Tiempo de lectura":"3 minutos"},"schema":{"@context":"https:\/\/schema.org","@graph":[{"@type":"WebPage","@id":"https:\/\/canal.univalle.edu.co\/index.php\/univalle-abrira-puertas-florida\/","url":"https:\/\/canal.univalle.edu.co\/index.php\/univalle-abrira-puertas-florida\/","name":"Univalle abrir\u00e1 sus puertas en Florida - Canal Universitario \/ Universidad del Valle \/ Cali, Colombia","isPartOf":{"@id":"https:\/\/canal.univalle.edu.co\/#website"},"primaryImageOfPage":{"@id":"https:\/\/canal.univalle.edu.co\/index.php\/univalle-abrira-puertas-florida\/#primaryimage"},"image":{"@id":"https:\/\/canal.univalle.edu.co\/index.php\/univalle-abrira-puertas-florida\/#primaryimage"},"thumbnailUrl":"https:\/\/canal.univalle.edu.co\/wp-content\/uploads\/2021\/02\/6f31a96f82a525fcca7d0a1f53c2d9ce_M.jpg","datePublished":"2021-02-23T17:57:10+00:00","dateModified":"2021-02-23T17:57:10+00:00","author":{"@id":"https:\/\/canal.univalle.edu.co\/#\/schema\/person\/fdb5cfa956cbb247f92e3dcdf4a14750"},"breadcrumb":{"@id":"https:\/\/canal.univalle.edu.co\/index.php\/univalle-abrira-puertas-florida\/#breadcrumb"},"inLanguage":"es","potentialAction":[{"@type":"ReadAction","target":["https:\/\/canal.univalle.edu.co\/index.php\/univalle-abrira-puertas-florida\/"]}]},{"@type":"ImageObject","inLanguage":"es","@id":"https:\/\/canal.univalle.edu.co\/index.php\/univalle-abrira-puertas-florida\/#primaryimage","url":"https:\/\/canal.univalle.edu.co\/wp-content\/uploads\/2021\/02\/6f31a96f82a525fcca7d0a1f53c2d9ce_M.jpg","contentUrl":"https:\/\/canal.univalle.edu.co\/wp-content\/uploads\/2021\/02\/6f31a96f82a525fcca7d0a1f53c2d9ce_M.jpg","width":400,"height":300},{"@type":"BreadcrumbList","@id":"https:\/\/canal.univalle.edu.co\/index.php\/univalle-abrira-puertas-florida\/#breadcrumb","itemListElement":[{"@type":"ListItem","position":1,"name":"Portada","item":"https:\/\/canal.univalle.edu.co\/"},{"@type":"ListItem","position":2,"name":"Univalle abrir\u00e1 sus puertas en Florida"}]},{"@type":"WebSite","@id":"https:\/\/canal.univalle.edu.co\/#website","url":"https:\/\/canal.univalle.edu.co\/","name":"Canal Universitario \/ Universidad del Valle \/ Cali, Colombia","description":"Canal de la Universidad del Valle","potentialAction":[{"@type":"SearchAction","target":{"@type":"EntryPoint","urlTemplate":"https:\/\/canal.univalle.edu.co\/?s={search_term_string}"},"query-input":"required name=search_term_string"}],"inLanguage":"es"},{"@type":"Person","@id":"https:\/\/canal.univalle.edu.co\/#\/schema\/person\/fdb5cfa956cbb247f92e3dcdf4a14750","name":"admin","image":{"@type":"ImageObject","inLanguage":"es","@id":"https:\/\/canal.univalle.edu.co\/#\/schema\/person\/image\/","url":"https:\/\/secure.gravatar.com\/avatar\/ff32245ed1c79b42b1478f4395c36c6d?s=96&d=monsterid&r=g","contentUrl":"https:\/\/secure.gravatar.com\/avatar\/ff32245ed1c79b42b1478f4395c36c6d?s=96&d=monsterid&r=g","caption":"admin"},"url":"https:\/\/canal.univalle.edu.co\/index.php\/author\/admin\/"}]}},"_links":{"self":[{"href":"https:\/\/canal.univalle.edu.co\/index.php\/wp-json\/wp\/v2\/posts\/7254"}],"collection":[{"href":"https:\/\/canal.univalle.edu.co\/index.php\/wp-json\/wp\/v2\/posts"}],"about":[{"href":"https:\/\/canal.univalle.edu.co\/index.php\/wp-json\/wp\/v2\/types\/post"}],"author":[{"embeddable":true,"href":"https:\/\/canal.univalle.edu.co\/index.php\/wp-json\/wp\/v2\/users\/1"}],"replies":[{"embeddable":true,"href":"https:\/\/canal.univalle.edu.co\/index.php\/wp-json\/wp\/v2\/comments?post=7254"}],"version-history":[{"count":1,"href":"https:\/\/canal.univalle.edu.co\/index.php\/wp-json\/wp\/v2\/posts\/7254\/revisions"}],"predecessor-version":[{"id":7256,"href":"https:\/\/canal.univalle.edu.co\/index.php\/wp-json\/wp\/v2\/posts\/7254\/revisions\/7256"}],"wp:featuredmedia":[{"embeddable":true,"href":"https:\/\/canal.univalle.edu.co\/index.php\/wp-json\/wp\/v2\/media\/7255"}],"wp:attachment":[{"href":"https:\/\/canal.univalle.edu.co\/index.php\/wp-json\/wp\/v2\/media?parent=7254"}],"wp:term":[{"taxonomy":"category","embeddable":true,"href":"https:\/\/canal.univalle.edu.co\/index.php\/wp-json\/wp\/v2\/categories?post=7254"},{"taxonomy":"post_tag","embeddable":true,"href":"https:\/\/canal.univalle.edu.co\/index.php\/wp-json\/wp\/v2\/tags?post=7254"}],"curies":[{"name":"wp","href":"https:\/\/api.w.org\/{rel}","templated":true}]}}