








{"id":7206,"date":"2020-12-07T11:34:08","date_gmt":"2020-12-07T16:34:08","guid":{"rendered":"http:\/\/canal.univalle.edu.co\/?p=7206"},"modified":"2020-12-07T11:34:08","modified_gmt":"2020-12-07T16:34:08","slug":"parche-pro-literatura-infantil-juvenil-colombia","status":"publish","type":"post","link":"https:\/\/canal.univalle.edu.co\/index.php\/parche-pro-literatura-infantil-juvenil-colombia\/","title":{"rendered":"PARCHE PRO: \u201cLiteratura infantil y juvenil en Colombia.\u201d"},"content":{"rendered":"<p>PARCHE PRO: \u201cLiteratura infantil y juvenil en Colombia.\u201d<\/p>\n<p>En el d\u00eda de hoy reflexionaremos acerca del papel que cumple la literatura infantil y juvenil producida en Colombia, para ello, invitamos a profesionales del sector que nos dar\u00e1n su opini\u00f3n para hablar sobre la realidad de estas publicaciones en nuestro pa\u00eds. Conoceremos sobre los posibles escenarios para la formaci\u00f3n y promoci\u00f3n de la literatura para dicha poblaci\u00f3n y nos compartir\u00e1n algunas de sus experiencias como gestores culturales.<\/p>\n<p>INVITADOS:<\/p>\n<p>\uf0b7 FERNANDO ROJAS ACOSTA<br \/>\nGerente general de Panamericana Editorial. Experto en Planeaci\u00f3n y direcci\u00f3n estrat\u00e9gica, formador de equipos de alto desempe\u00f1o y desarrollador de nuevos modelos de negocio. M\u00e1s de treinta a\u00f1os en el sector del libro le han permitido observar el mundo editorial desde todas sus aristas. Este administrador de empresas con especializaci\u00f3n en Marketing y Planeaci\u00f3n Estrat\u00e9gica ha enfatizado su labor en log\u00edstica, compras, ventas, retail, nuevos modelos de negocio y mercados internacionales. Esta \u00faltima habilidad la ha desarrollado a trav\u00e9s de la gerencia de una de las editoriales m\u00e1s s\u00f3lidas del pa\u00eds.<\/p>\n<p>\uf0b7 SILVIA ANDREA VALENCIA VIVAS<br \/>\nPromotora de lectura, m\u00fasico, maestra, gestora cultural y editora. Magister en bibliotecas escolares y promoci\u00f3n de la lectura de la Universidad de Barcelona, Licenciada en literatura de la Universidad del Valle, coordinadora del Diplomado en ense\u00f1anza de la literatura infantil y docente de la misma Universidad. Fundadora de los proyectos: El Globo restaurante \u2013 taller, la Madriguera del conejo y Cuento cantao. Entre sus publicaciones se encuentran: \u201cLa maleta\u201d, \u201cSi tuviera un alma la preferir\u00eda de viol\u00edn\u201d, \u201cDos veces Silvia\u201d, entre otros.<\/p>\n<p>\uf0b7 HERN\u00c1N VARGAS CARRE\u00d1O<br \/>\nDocente de literatura egresado de la Universidad Industrial de Santander. Editor del sello Ediciones Exilio. Traductor de los libros como: \u00bfQui\u00e9n mora en estas oscuridades?, de Emily Dickinson. Antolog\u00eda Spoon River, de Edgar Lee Masters, Solo una vez vemos el mundo, de la Premio Nobel Louise Gl\u00fcck entre otros. Autor de libros en los que se destacan: Pa\u00eds \u00edntimo, Piedra a piedra, Cuentos de la escuela, Tempus, El viaje, Montuno, entre otras, sus trabajos literarios han recibido distinciones como: Premio Nacional de Poes\u00eda Antonio Llanos, Segundo finalista del Premio Nacional de Poes\u00eda Ciudad de Bogot\u00e1, Premio Nacional de Poes\u00eda sin banderas de la Casa de Poes\u00eda Silva, Finalista del Premio Nacional de Poes\u00eda Ministerio de Cultura entre otros.<\/p>\n<p>\uf0b7 FANUEL HAN\u00c1N D\u00cdAZ<br \/>\nLicenciado\u00a0en\u00a0Letras\u00a0por la\u00a0Universidad\u00a0Cat\u00f3lica\u00a0Andr\u00e9s Bello y\u00a0Magister Scientiarum\u00a0en\u00a0Ciencias y Artes aplicadas, menci\u00f3n\u00a0Televisi\u00f3n. Te\u00f3rico e investigador\u00a0en\u00a0literatura infantil.\u00a0Con el apoyo de la Embajada de Francia, realiz\u00f3 una\u00a0investigaci\u00f3n sobre la obra de Julio Verne. Autor del ensayo\u00a0Leer y mirar el libro \u00e1lbum; \u00bfUn g\u00e9nero\u00a0en\u00a0construcci\u00f3n?\u00a0Coordin\u00f3 el departamento de\u00a0Selecci\u00f3n de Libros para Ni\u00f1os y j\u00f3venes del Banco del Libro y dirigi\u00f3\u00a0la<br \/>\nrevista Parapara.\u00a0Ha dictado conferencias y talleres\u00a0en\u00a0diferentes\u00a0pa\u00edses latinoamericanos, en\u00a0universidades\u00a0de Europa y Asia.\u00a0 Editor de la revista\u00a0Barataria\u00a0de Literatura Infantil latinoamericana,\u00a0auspiciada por el Grupo Editorial Norma.<\/p>\n<p>CONDUCEN:<br \/>\nMaria Camila Cartagena<br \/>\nDanny Posso<\/p>\n<p><iframe loading=\"lazy\" src=\"https:\/\/www.youtube.com\/embed\/CpSLKpHkLoc\" width=\"560\" height=\"315\" frameborder=\"0\" allowfullscreen=\"allowfullscreen\"><\/iframe><\/p>\n","protected":false},"excerpt":{"rendered":"<p>PARCHE PRO: \u201cLiteratura infantil y juvenil en Colombia.\u201d En el d\u00eda de hoy reflexionaremos acerca del papel que cumple la literatura infantil y juvenil producida en Colombia, para ello, invitamos a profesionales del sector que nos dar\u00e1n su opini\u00f3n para hablar sobre la realidad de estas publicaciones en nuestro pa\u00eds.[&#8230;]<\/p>\n","protected":false},"author":1,"featured_media":7207,"comment_status":"open","ping_status":"open","sticky":false,"template":"","format":"standard","meta":{"footnotes":""},"categories":[4],"tags":[],"yoast_head":"<!-- This site is optimized with the Yoast SEO plugin v22.2 - https:\/\/yoast.com\/wordpress\/plugins\/seo\/ -->\n<title>PARCHE PRO: \u201cLiteratura infantil y juvenil en Colombia.\u201d - Canal Universitario \/ Universidad del Valle \/ Cali, Colombia<\/title>\n<meta name=\"robots\" content=\"index, follow, max-snippet:-1, max-image-preview:large, max-video-preview:-1\" \/>\n<link rel=\"canonical\" href=\"https:\/\/canal.univalle.edu.co\/index.php\/parche-pro-literatura-infantil-juvenil-colombia\/\" \/>\n<meta property=\"og:locale\" content=\"es_ES\" \/>\n<meta property=\"og:type\" content=\"article\" \/>\n<meta property=\"og:title\" content=\"PARCHE PRO: \u201cLiteratura infantil y juvenil en Colombia.\u201d - Canal Universitario \/ Universidad del Valle \/ Cali, Colombia\" \/>\n<meta property=\"og:description\" content=\"PARCHE PRO: \u201cLiteratura infantil y juvenil en Colombia.\u201d En el d\u00eda de hoy reflexionaremos acerca del papel que cumple la literatura infantil y juvenil producida en Colombia, para ello, invitamos a profesionales del sector que nos dar\u00e1n su opini\u00f3n para hablar sobre la realidad de estas publicaciones en nuestro pa\u00eds.[...]\" \/>\n<meta property=\"og:url\" content=\"https:\/\/canal.univalle.edu.co\/index.php\/parche-pro-literatura-infantil-juvenil-colombia\/\" \/>\n<meta property=\"og:site_name\" content=\"Canal Universitario \/ Universidad del Valle \/ Cali, Colombia\" \/>\n<meta property=\"article:published_time\" content=\"2020-12-07T16:34:08+00:00\" \/>\n<meta property=\"og:image\" content=\"https:\/\/canal.univalle.edu.co\/wp-content\/uploads\/2020\/12\/Untitled12.jpg\" \/>\n\t<meta property=\"og:image:width\" content=\"988\" \/>\n\t<meta property=\"og:image:height\" content=\"517\" \/>\n\t<meta property=\"og:image:type\" content=\"image\/jpeg\" \/>\n<meta name=\"author\" content=\"admin\" \/>\n<meta name=\"twitter:label1\" content=\"Escrito por\" \/>\n\t<meta name=\"twitter:data1\" content=\"admin\" \/>\n\t<meta name=\"twitter:label2\" content=\"Tiempo de lectura\" \/>\n\t<meta name=\"twitter:data2\" content=\"3 minutos\" \/>\n<script type=\"application\/ld+json\" class=\"yoast-schema-graph\">{\"@context\":\"https:\/\/schema.org\",\"@graph\":[{\"@type\":\"WebPage\",\"@id\":\"https:\/\/canal.univalle.edu.co\/index.php\/parche-pro-literatura-infantil-juvenil-colombia\/\",\"url\":\"https:\/\/canal.univalle.edu.co\/index.php\/parche-pro-literatura-infantil-juvenil-colombia\/\",\"name\":\"PARCHE PRO: \u201cLiteratura infantil y juvenil en Colombia.\u201d - Canal Universitario \/ Universidad del Valle \/ Cali, Colombia\",\"isPartOf\":{\"@id\":\"https:\/\/canal.univalle.edu.co\/#website\"},\"primaryImageOfPage\":{\"@id\":\"https:\/\/canal.univalle.edu.co\/index.php\/parche-pro-literatura-infantil-juvenil-colombia\/#primaryimage\"},\"image\":{\"@id\":\"https:\/\/canal.univalle.edu.co\/index.php\/parche-pro-literatura-infantil-juvenil-colombia\/#primaryimage\"},\"thumbnailUrl\":\"https:\/\/canal.univalle.edu.co\/wp-content\/uploads\/2020\/12\/Untitled12.jpg\",\"datePublished\":\"2020-12-07T16:34:08+00:00\",\"dateModified\":\"2020-12-07T16:34:08+00:00\",\"author\":{\"@id\":\"https:\/\/canal.univalle.edu.co\/#\/schema\/person\/fdb5cfa956cbb247f92e3dcdf4a14750\"},\"breadcrumb\":{\"@id\":\"https:\/\/canal.univalle.edu.co\/index.php\/parche-pro-literatura-infantil-juvenil-colombia\/#breadcrumb\"},\"inLanguage\":\"es\",\"potentialAction\":[{\"@type\":\"ReadAction\",\"target\":[\"https:\/\/canal.univalle.edu.co\/index.php\/parche-pro-literatura-infantil-juvenil-colombia\/\"]}]},{\"@type\":\"ImageObject\",\"inLanguage\":\"es\",\"@id\":\"https:\/\/canal.univalle.edu.co\/index.php\/parche-pro-literatura-infantil-juvenil-colombia\/#primaryimage\",\"url\":\"https:\/\/canal.univalle.edu.co\/wp-content\/uploads\/2020\/12\/Untitled12.jpg\",\"contentUrl\":\"https:\/\/canal.univalle.edu.co\/wp-content\/uploads\/2020\/12\/Untitled12.jpg\",\"width\":988,\"height\":517},{\"@type\":\"BreadcrumbList\",\"@id\":\"https:\/\/canal.univalle.edu.co\/index.php\/parche-pro-literatura-infantil-juvenil-colombia\/#breadcrumb\",\"itemListElement\":[{\"@type\":\"ListItem\",\"position\":1,\"name\":\"Portada\",\"item\":\"https:\/\/canal.univalle.edu.co\/\"},{\"@type\":\"ListItem\",\"position\":2,\"name\":\"PARCHE PRO: \u201cLiteratura infantil y juvenil en Colombia.\u201d\"}]},{\"@type\":\"WebSite\",\"@id\":\"https:\/\/canal.univalle.edu.co\/#website\",\"url\":\"https:\/\/canal.univalle.edu.co\/\",\"name\":\"Canal Universitario \/ Universidad del Valle \/ Cali, Colombia\",\"description\":\"Canal de la Universidad del Valle\",\"potentialAction\":[{\"@type\":\"SearchAction\",\"target\":{\"@type\":\"EntryPoint\",\"urlTemplate\":\"https:\/\/canal.univalle.edu.co\/?s={search_term_string}\"},\"query-input\":\"required name=search_term_string\"}],\"inLanguage\":\"es\"},{\"@type\":\"Person\",\"@id\":\"https:\/\/canal.univalle.edu.co\/#\/schema\/person\/fdb5cfa956cbb247f92e3dcdf4a14750\",\"name\":\"admin\",\"image\":{\"@type\":\"ImageObject\",\"inLanguage\":\"es\",\"@id\":\"https:\/\/canal.univalle.edu.co\/#\/schema\/person\/image\/\",\"url\":\"https:\/\/secure.gravatar.com\/avatar\/ff32245ed1c79b42b1478f4395c36c6d?s=96&d=monsterid&r=g\",\"contentUrl\":\"https:\/\/secure.gravatar.com\/avatar\/ff32245ed1c79b42b1478f4395c36c6d?s=96&d=monsterid&r=g\",\"caption\":\"admin\"},\"url\":\"https:\/\/canal.univalle.edu.co\/index.php\/author\/admin\/\"}]}<\/script>\n<!-- \/ Yoast SEO plugin. -->","yoast_head_json":{"title":"PARCHE PRO: \u201cLiteratura infantil y juvenil en Colombia.\u201d - Canal Universitario \/ Universidad del Valle \/ Cali, Colombia","robots":{"index":"index","follow":"follow","max-snippet":"max-snippet:-1","max-image-preview":"max-image-preview:large","max-video-preview":"max-video-preview:-1"},"canonical":"https:\/\/canal.univalle.edu.co\/index.php\/parche-pro-literatura-infantil-juvenil-colombia\/","og_locale":"es_ES","og_type":"article","og_title":"PARCHE PRO: \u201cLiteratura infantil y juvenil en Colombia.\u201d - Canal Universitario \/ Universidad del Valle \/ Cali, Colombia","og_description":"PARCHE PRO: \u201cLiteratura infantil y juvenil en Colombia.\u201d En el d\u00eda de hoy reflexionaremos acerca del papel que cumple la literatura infantil y juvenil producida en Colombia, para ello, invitamos a profesionales del sector que nos dar\u00e1n su opini\u00f3n para hablar sobre la realidad de estas publicaciones en nuestro pa\u00eds.[...]","og_url":"https:\/\/canal.univalle.edu.co\/index.php\/parche-pro-literatura-infantil-juvenil-colombia\/","og_site_name":"Canal Universitario \/ Universidad del Valle \/ Cali, Colombia","article_published_time":"2020-12-07T16:34:08+00:00","og_image":[{"width":988,"height":517,"url":"https:\/\/canal.univalle.edu.co\/wp-content\/uploads\/2020\/12\/Untitled12.jpg","type":"image\/jpeg"}],"author":"admin","twitter_misc":{"Escrito por":"admin","Tiempo de lectura":"3 minutos"},"schema":{"@context":"https:\/\/schema.org","@graph":[{"@type":"WebPage","@id":"https:\/\/canal.univalle.edu.co\/index.php\/parche-pro-literatura-infantil-juvenil-colombia\/","url":"https:\/\/canal.univalle.edu.co\/index.php\/parche-pro-literatura-infantil-juvenil-colombia\/","name":"PARCHE PRO: \u201cLiteratura infantil y juvenil en Colombia.\u201d - Canal Universitario \/ Universidad del Valle \/ Cali, Colombia","isPartOf":{"@id":"https:\/\/canal.univalle.edu.co\/#website"},"primaryImageOfPage":{"@id":"https:\/\/canal.univalle.edu.co\/index.php\/parche-pro-literatura-infantil-juvenil-colombia\/#primaryimage"},"image":{"@id":"https:\/\/canal.univalle.edu.co\/index.php\/parche-pro-literatura-infantil-juvenil-colombia\/#primaryimage"},"thumbnailUrl":"https:\/\/canal.univalle.edu.co\/wp-content\/uploads\/2020\/12\/Untitled12.jpg","datePublished":"2020-12-07T16:34:08+00:00","dateModified":"2020-12-07T16:34:08+00:00","author":{"@id":"https:\/\/canal.univalle.edu.co\/#\/schema\/person\/fdb5cfa956cbb247f92e3dcdf4a14750"},"breadcrumb":{"@id":"https:\/\/canal.univalle.edu.co\/index.php\/parche-pro-literatura-infantil-juvenil-colombia\/#breadcrumb"},"inLanguage":"es","potentialAction":[{"@type":"ReadAction","target":["https:\/\/canal.univalle.edu.co\/index.php\/parche-pro-literatura-infantil-juvenil-colombia\/"]}]},{"@type":"ImageObject","inLanguage":"es","@id":"https:\/\/canal.univalle.edu.co\/index.php\/parche-pro-literatura-infantil-juvenil-colombia\/#primaryimage","url":"https:\/\/canal.univalle.edu.co\/wp-content\/uploads\/2020\/12\/Untitled12.jpg","contentUrl":"https:\/\/canal.univalle.edu.co\/wp-content\/uploads\/2020\/12\/Untitled12.jpg","width":988,"height":517},{"@type":"BreadcrumbList","@id":"https:\/\/canal.univalle.edu.co\/index.php\/parche-pro-literatura-infantil-juvenil-colombia\/#breadcrumb","itemListElement":[{"@type":"ListItem","position":1,"name":"Portada","item":"https:\/\/canal.univalle.edu.co\/"},{"@type":"ListItem","position":2,"name":"PARCHE PRO: \u201cLiteratura infantil y juvenil en Colombia.\u201d"}]},{"@type":"WebSite","@id":"https:\/\/canal.univalle.edu.co\/#website","url":"https:\/\/canal.univalle.edu.co\/","name":"Canal Universitario \/ Universidad del Valle \/ Cali, Colombia","description":"Canal de la Universidad del Valle","potentialAction":[{"@type":"SearchAction","target":{"@type":"EntryPoint","urlTemplate":"https:\/\/canal.univalle.edu.co\/?s={search_term_string}"},"query-input":"required name=search_term_string"}],"inLanguage":"es"},{"@type":"Person","@id":"https:\/\/canal.univalle.edu.co\/#\/schema\/person\/fdb5cfa956cbb247f92e3dcdf4a14750","name":"admin","image":{"@type":"ImageObject","inLanguage":"es","@id":"https:\/\/canal.univalle.edu.co\/#\/schema\/person\/image\/","url":"https:\/\/secure.gravatar.com\/avatar\/ff32245ed1c79b42b1478f4395c36c6d?s=96&d=monsterid&r=g","contentUrl":"https:\/\/secure.gravatar.com\/avatar\/ff32245ed1c79b42b1478f4395c36c6d?s=96&d=monsterid&r=g","caption":"admin"},"url":"https:\/\/canal.univalle.edu.co\/index.php\/author\/admin\/"}]}},"_links":{"self":[{"href":"https:\/\/canal.univalle.edu.co\/index.php\/wp-json\/wp\/v2\/posts\/7206"}],"collection":[{"href":"https:\/\/canal.univalle.edu.co\/index.php\/wp-json\/wp\/v2\/posts"}],"about":[{"href":"https:\/\/canal.univalle.edu.co\/index.php\/wp-json\/wp\/v2\/types\/post"}],"author":[{"embeddable":true,"href":"https:\/\/canal.univalle.edu.co\/index.php\/wp-json\/wp\/v2\/users\/1"}],"replies":[{"embeddable":true,"href":"https:\/\/canal.univalle.edu.co\/index.php\/wp-json\/wp\/v2\/comments?post=7206"}],"version-history":[{"count":1,"href":"https:\/\/canal.univalle.edu.co\/index.php\/wp-json\/wp\/v2\/posts\/7206\/revisions"}],"predecessor-version":[{"id":7208,"href":"https:\/\/canal.univalle.edu.co\/index.php\/wp-json\/wp\/v2\/posts\/7206\/revisions\/7208"}],"wp:featuredmedia":[{"embeddable":true,"href":"https:\/\/canal.univalle.edu.co\/index.php\/wp-json\/wp\/v2\/media\/7207"}],"wp:attachment":[{"href":"https:\/\/canal.univalle.edu.co\/index.php\/wp-json\/wp\/v2\/media?parent=7206"}],"wp:term":[{"taxonomy":"category","embeddable":true,"href":"https:\/\/canal.univalle.edu.co\/index.php\/wp-json\/wp\/v2\/categories?post=7206"},{"taxonomy":"post_tag","embeddable":true,"href":"https:\/\/canal.univalle.edu.co\/index.php\/wp-json\/wp\/v2\/tags?post=7206"}],"curies":[{"name":"wp","href":"https:\/\/api.w.org\/{rel}","templated":true}]}}