








{"id":7190,"date":"2020-11-19T11:47:39","date_gmt":"2020-11-19T16:47:39","guid":{"rendered":"http:\/\/canal.univalle.edu.co\/?p=7190"},"modified":"2020-11-19T11:47:39","modified_gmt":"2020-11-19T16:47:39","slug":"parche-pro-la-insercion-laboral-los-jovenes-colombia","status":"publish","type":"post","link":"https:\/\/canal.univalle.edu.co\/index.php\/parche-pro-la-insercion-laboral-los-jovenes-colombia\/","title":{"rendered":"PARCHE PRO: \u201cLa inserci\u00f3n laboral de los j\u00f3venes en Colombia.\u201d"},"content":{"rendered":"<p>PARCHE PRO: \u201cLa inserci\u00f3n laboral de los j\u00f3venes en Colombia.\u201d<br \/>\nSe abordar\u00e1 el tema de la inserci\u00f3n laboral de los j\u00f3venes en Colombia, una situaci\u00f3n que tiene muchas implicaciones, no solo en el bienestar propio sino tambi\u00e9n en algunos elementos que son claves para el desarrollo socioecon\u00f3mico de nuestro pa\u00eds, tambi\u00e9n se reflexionar\u00e1 sobre las medidas que se deben tomar para mejorar la inclusi\u00f3n laboral juvenil en torno a los<br \/>\ntemas de empleabilidad, equidad de g\u00e9nero y otras variables que resulten del di\u00e1logo con nuestros invitados.<br \/>\nINVITADOS:<br \/>\n\uf0b7 MARIA DEL PILAR CASTILLO<br \/>\nEconomista de la Universidad del Valle, Magister en econom\u00eda de la Universidad de Alicante, Espa\u00f1a, PhD en Econom\u00eda de la Universidad Federal de R\u00edo Grande del Sur en Brazil, con una Estancia acad\u00e9mica en el College of Law and Economics de Illinois University en Estado Unidos. Actualmente es profesora titular del Departamento de econom\u00eda de la Universidad del Valle.<br \/>\n\uf0b7 ERICO RENTER\u00cdA P\u00c9REZ<br \/>\nDoctor en Psicolog\u00eda y Pos-doctorado en Psicolog\u00eda Social y del Trabajo \u2013 Universidad de S\u00e3o Paulo, Brasil. Magister en Psicolog\u00eda: Psicolog\u00eda Social, Pontificia Universidad Cat\u00f3lica de S\u00e3o Paulo, Brasil. Profesor Titular, Director Grupo de Investigaci\u00f3n en Psicolog\u00eda Organizacional y del Trabajo, Instituto de Psicolog\u00eda de la Universidad del Valle, Cali \u2013 Colombia.<br \/>\n\uf0b7 AZUCENA MORANCHEL<br \/>\nComunic\u00f3loga de profesi\u00f3n, productora y creadora del podcast \u00abEl Saco\u00bb y columnista en un medio de comunicaci\u00f3n. Directora del \u00e1rea de alianzas universitarias de LaPieza.io, empresa que defiende a las habilidades, los conocimientos y las \u201csoft skills\u201d como bases de la soluci\u00f3n a los procesos de reclutamiento y empleabilidad de la actualidad.<\/p>\n<p>\uf0b7 POL MORRAL DAUVERGNE<br \/>\nLicenciado en Negocios Internacionales por parte de Neoma Business School en Francia y la UDLAP en M\u00e9xico, Pol es fundador y CEO de LaPieza.io, el primer software de reclutamiento libre de sesgos que permite a las empresas publicar de manera autom\u00e1tica sus vacantes en m\u00e1s de 60 bolsas de trabajo. LaPieza.io colabora hoy en d\u00eda con m\u00e1s de 100 empresas, incluyendo FEMSA, Mercado Libre o AXA. Pol, de nacionalidades francesa y espa\u00f1ola, es especialista en startups; growth<br \/>\nhacking y reclutamiento. A sus 25 a\u00f1os, Pol est\u00e1 liderando un equipo de 17 personas, con la ambici\u00f3n de generar un impacto global.<\/p>\n<p>CONDUCEN:<br \/>\nMaria Camila Cartagena<br \/>\nDanny Posso<\/p>\n<p><iframe loading=\"lazy\" src=\"https:\/\/www.youtube.com\/embed\/yJ7WfyC7P0c\" width=\"560\" height=\"315\" frameborder=\"0\" allowfullscreen=\"allowfullscreen\"><\/iframe><\/p>\n","protected":false},"excerpt":{"rendered":"<p>PARCHE PRO: \u201cLa inserci\u00f3n laboral de los j\u00f3venes en Colombia.\u201d Se abordar\u00e1 el tema de la inserci\u00f3n laboral de los j\u00f3venes en Colombia, una situaci\u00f3n que tiene muchas implicaciones, no solo en el bienestar propio sino tambi\u00e9n en algunos elementos que son claves para el desarrollo socioecon\u00f3mico de nuestro pa\u00eds,[&#8230;]<\/p>\n","protected":false},"author":1,"featured_media":7191,"comment_status":"open","ping_status":"open","sticky":false,"template":"","format":"standard","meta":{"footnotes":""},"categories":[4],"tags":[],"yoast_head":"<!-- This site is optimized with the Yoast SEO plugin v22.2 - https:\/\/yoast.com\/wordpress\/plugins\/seo\/ -->\n<title>PARCHE PRO: \u201cLa inserci\u00f3n laboral de los j\u00f3venes en Colombia.\u201d - Canal Universitario \/ Universidad del Valle \/ Cali, Colombia<\/title>\n<meta name=\"robots\" content=\"index, follow, max-snippet:-1, max-image-preview:large, max-video-preview:-1\" \/>\n<link rel=\"canonical\" href=\"https:\/\/canal.univalle.edu.co\/index.php\/parche-pro-la-insercion-laboral-los-jovenes-colombia\/\" \/>\n<meta property=\"og:locale\" content=\"es_ES\" \/>\n<meta property=\"og:type\" content=\"article\" \/>\n<meta property=\"og:title\" content=\"PARCHE PRO: \u201cLa inserci\u00f3n laboral de los j\u00f3venes en Colombia.\u201d - Canal Universitario \/ Universidad del Valle \/ Cali, Colombia\" \/>\n<meta property=\"og:description\" content=\"PARCHE PRO: \u201cLa inserci\u00f3n laboral de los j\u00f3venes en Colombia.\u201d Se abordar\u00e1 el tema de la inserci\u00f3n laboral de los j\u00f3venes en Colombia, una situaci\u00f3n que tiene muchas implicaciones, no solo en el bienestar propio sino tambi\u00e9n en algunos elementos que son claves para el desarrollo socioecon\u00f3mico de nuestro pa\u00eds,[...]\" \/>\n<meta property=\"og:url\" content=\"https:\/\/canal.univalle.edu.co\/index.php\/parche-pro-la-insercion-laboral-los-jovenes-colombia\/\" \/>\n<meta property=\"og:site_name\" content=\"Canal Universitario \/ Universidad del Valle \/ Cali, Colombia\" \/>\n<meta property=\"article:published_time\" content=\"2020-11-19T16:47:39+00:00\" \/>\n<meta property=\"og:image\" content=\"https:\/\/canal.univalle.edu.co\/wp-content\/uploads\/2020\/11\/Sin-t\u00edtulo5.jpg\" \/>\n\t<meta property=\"og:image:width\" content=\"833\" \/>\n\t<meta property=\"og:image:height\" content=\"456\" \/>\n\t<meta property=\"og:image:type\" content=\"image\/jpeg\" \/>\n<meta name=\"author\" content=\"admin\" \/>\n<meta name=\"twitter:label1\" content=\"Escrito por\" \/>\n\t<meta name=\"twitter:data1\" content=\"admin\" \/>\n\t<meta name=\"twitter:label2\" content=\"Tiempo de lectura\" \/>\n\t<meta name=\"twitter:data2\" content=\"2 minutos\" \/>\n<script type=\"application\/ld+json\" class=\"yoast-schema-graph\">{\"@context\":\"https:\/\/schema.org\",\"@graph\":[{\"@type\":\"WebPage\",\"@id\":\"https:\/\/canal.univalle.edu.co\/index.php\/parche-pro-la-insercion-laboral-los-jovenes-colombia\/\",\"url\":\"https:\/\/canal.univalle.edu.co\/index.php\/parche-pro-la-insercion-laboral-los-jovenes-colombia\/\",\"name\":\"PARCHE PRO: \u201cLa inserci\u00f3n laboral de los j\u00f3venes en Colombia.\u201d - Canal Universitario \/ Universidad del Valle \/ Cali, Colombia\",\"isPartOf\":{\"@id\":\"https:\/\/canal.univalle.edu.co\/#website\"},\"primaryImageOfPage\":{\"@id\":\"https:\/\/canal.univalle.edu.co\/index.php\/parche-pro-la-insercion-laboral-los-jovenes-colombia\/#primaryimage\"},\"image\":{\"@id\":\"https:\/\/canal.univalle.edu.co\/index.php\/parche-pro-la-insercion-laboral-los-jovenes-colombia\/#primaryimage\"},\"thumbnailUrl\":\"https:\/\/canal.univalle.edu.co\/wp-content\/uploads\/2020\/11\/Sin-t\u00edtulo5.jpg\",\"datePublished\":\"2020-11-19T16:47:39+00:00\",\"dateModified\":\"2020-11-19T16:47:39+00:00\",\"author\":{\"@id\":\"https:\/\/canal.univalle.edu.co\/#\/schema\/person\/fdb5cfa956cbb247f92e3dcdf4a14750\"},\"breadcrumb\":{\"@id\":\"https:\/\/canal.univalle.edu.co\/index.php\/parche-pro-la-insercion-laboral-los-jovenes-colombia\/#breadcrumb\"},\"inLanguage\":\"es\",\"potentialAction\":[{\"@type\":\"ReadAction\",\"target\":[\"https:\/\/canal.univalle.edu.co\/index.php\/parche-pro-la-insercion-laboral-los-jovenes-colombia\/\"]}]},{\"@type\":\"ImageObject\",\"inLanguage\":\"es\",\"@id\":\"https:\/\/canal.univalle.edu.co\/index.php\/parche-pro-la-insercion-laboral-los-jovenes-colombia\/#primaryimage\",\"url\":\"https:\/\/canal.univalle.edu.co\/wp-content\/uploads\/2020\/11\/Sin-t\u00edtulo5.jpg\",\"contentUrl\":\"https:\/\/canal.univalle.edu.co\/wp-content\/uploads\/2020\/11\/Sin-t\u00edtulo5.jpg\",\"width\":833,\"height\":456},{\"@type\":\"BreadcrumbList\",\"@id\":\"https:\/\/canal.univalle.edu.co\/index.php\/parche-pro-la-insercion-laboral-los-jovenes-colombia\/#breadcrumb\",\"itemListElement\":[{\"@type\":\"ListItem\",\"position\":1,\"name\":\"Portada\",\"item\":\"https:\/\/canal.univalle.edu.co\/\"},{\"@type\":\"ListItem\",\"position\":2,\"name\":\"PARCHE PRO: \u201cLa inserci\u00f3n laboral de los j\u00f3venes en Colombia.\u201d\"}]},{\"@type\":\"WebSite\",\"@id\":\"https:\/\/canal.univalle.edu.co\/#website\",\"url\":\"https:\/\/canal.univalle.edu.co\/\",\"name\":\"Canal Universitario \/ Universidad del Valle \/ Cali, Colombia\",\"description\":\"Canal de la Universidad del Valle\",\"potentialAction\":[{\"@type\":\"SearchAction\",\"target\":{\"@type\":\"EntryPoint\",\"urlTemplate\":\"https:\/\/canal.univalle.edu.co\/?s={search_term_string}\"},\"query-input\":\"required name=search_term_string\"}],\"inLanguage\":\"es\"},{\"@type\":\"Person\",\"@id\":\"https:\/\/canal.univalle.edu.co\/#\/schema\/person\/fdb5cfa956cbb247f92e3dcdf4a14750\",\"name\":\"admin\",\"image\":{\"@type\":\"ImageObject\",\"inLanguage\":\"es\",\"@id\":\"https:\/\/canal.univalle.edu.co\/#\/schema\/person\/image\/\",\"url\":\"https:\/\/secure.gravatar.com\/avatar\/ff32245ed1c79b42b1478f4395c36c6d?s=96&d=monsterid&r=g\",\"contentUrl\":\"https:\/\/secure.gravatar.com\/avatar\/ff32245ed1c79b42b1478f4395c36c6d?s=96&d=monsterid&r=g\",\"caption\":\"admin\"},\"url\":\"https:\/\/canal.univalle.edu.co\/index.php\/author\/admin\/\"}]}<\/script>\n<!-- \/ Yoast SEO plugin. -->","yoast_head_json":{"title":"PARCHE PRO: \u201cLa inserci\u00f3n laboral de los j\u00f3venes en Colombia.\u201d - Canal Universitario \/ Universidad del Valle \/ Cali, Colombia","robots":{"index":"index","follow":"follow","max-snippet":"max-snippet:-1","max-image-preview":"max-image-preview:large","max-video-preview":"max-video-preview:-1"},"canonical":"https:\/\/canal.univalle.edu.co\/index.php\/parche-pro-la-insercion-laboral-los-jovenes-colombia\/","og_locale":"es_ES","og_type":"article","og_title":"PARCHE PRO: \u201cLa inserci\u00f3n laboral de los j\u00f3venes en Colombia.\u201d - Canal Universitario \/ Universidad del Valle \/ Cali, Colombia","og_description":"PARCHE PRO: \u201cLa inserci\u00f3n laboral de los j\u00f3venes en Colombia.\u201d Se abordar\u00e1 el tema de la inserci\u00f3n laboral de los j\u00f3venes en Colombia, una situaci\u00f3n que tiene muchas implicaciones, no solo en el bienestar propio sino tambi\u00e9n en algunos elementos que son claves para el desarrollo socioecon\u00f3mico de nuestro pa\u00eds,[...]","og_url":"https:\/\/canal.univalle.edu.co\/index.php\/parche-pro-la-insercion-laboral-los-jovenes-colombia\/","og_site_name":"Canal Universitario \/ Universidad del Valle \/ Cali, Colombia","article_published_time":"2020-11-19T16:47:39+00:00","og_image":[{"width":833,"height":456,"url":"https:\/\/canal.univalle.edu.co\/wp-content\/uploads\/2020\/11\/Sin-t\u00edtulo5.jpg","type":"image\/jpeg"}],"author":"admin","twitter_misc":{"Escrito por":"admin","Tiempo de lectura":"2 minutos"},"schema":{"@context":"https:\/\/schema.org","@graph":[{"@type":"WebPage","@id":"https:\/\/canal.univalle.edu.co\/index.php\/parche-pro-la-insercion-laboral-los-jovenes-colombia\/","url":"https:\/\/canal.univalle.edu.co\/index.php\/parche-pro-la-insercion-laboral-los-jovenes-colombia\/","name":"PARCHE PRO: \u201cLa inserci\u00f3n laboral de los j\u00f3venes en Colombia.\u201d - Canal Universitario \/ Universidad del Valle \/ Cali, Colombia","isPartOf":{"@id":"https:\/\/canal.univalle.edu.co\/#website"},"primaryImageOfPage":{"@id":"https:\/\/canal.univalle.edu.co\/index.php\/parche-pro-la-insercion-laboral-los-jovenes-colombia\/#primaryimage"},"image":{"@id":"https:\/\/canal.univalle.edu.co\/index.php\/parche-pro-la-insercion-laboral-los-jovenes-colombia\/#primaryimage"},"thumbnailUrl":"https:\/\/canal.univalle.edu.co\/wp-content\/uploads\/2020\/11\/Sin-t\u00edtulo5.jpg","datePublished":"2020-11-19T16:47:39+00:00","dateModified":"2020-11-19T16:47:39+00:00","author":{"@id":"https:\/\/canal.univalle.edu.co\/#\/schema\/person\/fdb5cfa956cbb247f92e3dcdf4a14750"},"breadcrumb":{"@id":"https:\/\/canal.univalle.edu.co\/index.php\/parche-pro-la-insercion-laboral-los-jovenes-colombia\/#breadcrumb"},"inLanguage":"es","potentialAction":[{"@type":"ReadAction","target":["https:\/\/canal.univalle.edu.co\/index.php\/parche-pro-la-insercion-laboral-los-jovenes-colombia\/"]}]},{"@type":"ImageObject","inLanguage":"es","@id":"https:\/\/canal.univalle.edu.co\/index.php\/parche-pro-la-insercion-laboral-los-jovenes-colombia\/#primaryimage","url":"https:\/\/canal.univalle.edu.co\/wp-content\/uploads\/2020\/11\/Sin-t\u00edtulo5.jpg","contentUrl":"https:\/\/canal.univalle.edu.co\/wp-content\/uploads\/2020\/11\/Sin-t\u00edtulo5.jpg","width":833,"height":456},{"@type":"BreadcrumbList","@id":"https:\/\/canal.univalle.edu.co\/index.php\/parche-pro-la-insercion-laboral-los-jovenes-colombia\/#breadcrumb","itemListElement":[{"@type":"ListItem","position":1,"name":"Portada","item":"https:\/\/canal.univalle.edu.co\/"},{"@type":"ListItem","position":2,"name":"PARCHE PRO: \u201cLa inserci\u00f3n laboral de los j\u00f3venes en Colombia.\u201d"}]},{"@type":"WebSite","@id":"https:\/\/canal.univalle.edu.co\/#website","url":"https:\/\/canal.univalle.edu.co\/","name":"Canal Universitario \/ Universidad del Valle \/ Cali, Colombia","description":"Canal de la Universidad del Valle","potentialAction":[{"@type":"SearchAction","target":{"@type":"EntryPoint","urlTemplate":"https:\/\/canal.univalle.edu.co\/?s={search_term_string}"},"query-input":"required name=search_term_string"}],"inLanguage":"es"},{"@type":"Person","@id":"https:\/\/canal.univalle.edu.co\/#\/schema\/person\/fdb5cfa956cbb247f92e3dcdf4a14750","name":"admin","image":{"@type":"ImageObject","inLanguage":"es","@id":"https:\/\/canal.univalle.edu.co\/#\/schema\/person\/image\/","url":"https:\/\/secure.gravatar.com\/avatar\/ff32245ed1c79b42b1478f4395c36c6d?s=96&d=monsterid&r=g","contentUrl":"https:\/\/secure.gravatar.com\/avatar\/ff32245ed1c79b42b1478f4395c36c6d?s=96&d=monsterid&r=g","caption":"admin"},"url":"https:\/\/canal.univalle.edu.co\/index.php\/author\/admin\/"}]}},"_links":{"self":[{"href":"https:\/\/canal.univalle.edu.co\/index.php\/wp-json\/wp\/v2\/posts\/7190"}],"collection":[{"href":"https:\/\/canal.univalle.edu.co\/index.php\/wp-json\/wp\/v2\/posts"}],"about":[{"href":"https:\/\/canal.univalle.edu.co\/index.php\/wp-json\/wp\/v2\/types\/post"}],"author":[{"embeddable":true,"href":"https:\/\/canal.univalle.edu.co\/index.php\/wp-json\/wp\/v2\/users\/1"}],"replies":[{"embeddable":true,"href":"https:\/\/canal.univalle.edu.co\/index.php\/wp-json\/wp\/v2\/comments?post=7190"}],"version-history":[{"count":1,"href":"https:\/\/canal.univalle.edu.co\/index.php\/wp-json\/wp\/v2\/posts\/7190\/revisions"}],"predecessor-version":[{"id":7192,"href":"https:\/\/canal.univalle.edu.co\/index.php\/wp-json\/wp\/v2\/posts\/7190\/revisions\/7192"}],"wp:featuredmedia":[{"embeddable":true,"href":"https:\/\/canal.univalle.edu.co\/index.php\/wp-json\/wp\/v2\/media\/7191"}],"wp:attachment":[{"href":"https:\/\/canal.univalle.edu.co\/index.php\/wp-json\/wp\/v2\/media?parent=7190"}],"wp:term":[{"taxonomy":"category","embeddable":true,"href":"https:\/\/canal.univalle.edu.co\/index.php\/wp-json\/wp\/v2\/categories?post=7190"},{"taxonomy":"post_tag","embeddable":true,"href":"https:\/\/canal.univalle.edu.co\/index.php\/wp-json\/wp\/v2\/tags?post=7190"}],"curies":[{"name":"wp","href":"https:\/\/api.w.org\/{rel}","templated":true}]}}