








{"id":7173,"date":"2020-11-10T11:26:21","date_gmt":"2020-11-10T16:26:21","guid":{"rendered":"http:\/\/canal.univalle.edu.co\/?p=7173"},"modified":"2020-11-10T11:29:17","modified_gmt":"2020-11-10T16:29:17","slug":"parche-pro-arte-cultura-tiempos-covid-19","status":"publish","type":"post","link":"https:\/\/canal.univalle.edu.co\/index.php\/parche-pro-arte-cultura-tiempos-covid-19\/","title":{"rendered":"Parche Pro &#8211; Arte y Cultura en tiempos de Covid 19"},"content":{"rendered":"<p>Parche Pro &#8211; Arte y Cultura en tiempos de Covid 19<\/p>\n<p>Se reflexionar\u00e1 sobre el impacto que han tenido los sectores de la cultura, el arte y las industrias creativas a ra\u00edz de las medidas sanitarias implementadas por el Gobierno Nacional con la llegada del nuevo coronavirus, covid-19.<\/p>\n<p><strong>INVITADOS:<\/strong><\/p>\n<p><strong>JOS\u00c9 DARWIN LENIS MEJ\u00cdA <\/strong><\/p>\n<p>Secretario de Cultura de Santiago de Cali.<\/p>\n<p><strong>EUGENIO G\u00d3MEZ BORRERO<\/strong><\/p>\n<p>Integrante de la Escuela de Teatro de la Universidad del Valle. Licenciado en Arte Dram\u00e1tico y posteriormente en Especialista en Dramaturgia de la Universidad de Antioquia.<\/p>\n<p><strong>GIOVANNA VALDERRAMA PE\u00d1A<\/strong><\/p>\n<p>Actriz, escritora y productora cale\u00f1a. Mag\u00edster en Dramaturgia de la UNA en Argentina. Cofundadora de Nierika Producciones, compa\u00f1\u00eda que junto a Candelabro Teatro realiz\u00f3 la creaci\u00f3n dramat\u00fargica, puesta en escena, pre, pro y postproducci\u00f3n de Pa&#8217;lquilar Balc\u00f3n &#8211; comer calla&#8217;o no alimenta.<\/p>\n<p><strong>CONDUCEN:<\/strong><\/p>\n<p>Maria Camila Cartagena<\/p>\n<p>Danny Posso<\/p>\n<p>&nbsp;<\/p>\n<p><iframe loading=\"lazy\" src=\"https:\/\/www.youtube.com\/embed\/HDh6-xkuKYc\" width=\"560\" height=\"315\" frameborder=\"0\" allowfullscreen=\"allowfullscreen\"><\/iframe><\/p>\n","protected":false},"excerpt":{"rendered":"<p>Parche Pro &#8211; Arte y Cultura en tiempos de Covid 19 Se reflexionar\u00e1 sobre el impacto que han tenido los sectores de la cultura, el arte y las industrias creativas a ra\u00edz de las medidas sanitarias implementadas por el Gobierno Nacional con la llegada del nuevo coronavirus, covid-19. INVITADOS: JOS\u00c9[&#8230;]<\/p>\n","protected":false},"author":1,"featured_media":7174,"comment_status":"open","ping_status":"open","sticky":false,"template":"","format":"standard","meta":{"footnotes":""},"categories":[4],"tags":[],"yoast_head":"<!-- This site is optimized with the Yoast SEO plugin v22.2 - https:\/\/yoast.com\/wordpress\/plugins\/seo\/ -->\n<title>Parche Pro - Arte y Cultura en tiempos de Covid 19 - Canal Universitario \/ Universidad del Valle \/ Cali, Colombia<\/title>\n<meta name=\"robots\" content=\"index, follow, max-snippet:-1, max-image-preview:large, max-video-preview:-1\" \/>\n<link rel=\"canonical\" href=\"https:\/\/canal.univalle.edu.co\/index.php\/parche-pro-arte-cultura-tiempos-covid-19\/\" \/>\n<meta property=\"og:locale\" content=\"es_ES\" \/>\n<meta property=\"og:type\" content=\"article\" \/>\n<meta property=\"og:title\" content=\"Parche Pro - Arte y Cultura en tiempos de Covid 19 - Canal Universitario \/ Universidad del Valle \/ Cali, Colombia\" \/>\n<meta property=\"og:description\" content=\"Parche Pro &#8211; Arte y Cultura en tiempos de Covid 19 Se reflexionar\u00e1 sobre el impacto que han tenido los sectores de la cultura, el arte y las industrias creativas a ra\u00edz de las medidas sanitarias implementadas por el Gobierno Nacional con la llegada del nuevo coronavirus, covid-19. INVITADOS: JOS\u00c9[...]\" \/>\n<meta property=\"og:url\" content=\"https:\/\/canal.univalle.edu.co\/index.php\/parche-pro-arte-cultura-tiempos-covid-19\/\" \/>\n<meta property=\"og:site_name\" content=\"Canal Universitario \/ Universidad del Valle \/ Cali, Colombia\" \/>\n<meta property=\"article:published_time\" content=\"2020-11-10T16:26:21+00:00\" \/>\n<meta property=\"article:modified_time\" content=\"2020-11-10T16:29:17+00:00\" \/>\n<meta property=\"og:image\" content=\"https:\/\/canal.univalle.edu.co\/wp-content\/uploads\/2020\/11\/Sin-t\u00edtulo.jpg\" \/>\n\t<meta property=\"og:image:width\" content=\"935\" \/>\n\t<meta property=\"og:image:height\" content=\"514\" \/>\n\t<meta property=\"og:image:type\" content=\"image\/jpeg\" \/>\n<meta name=\"author\" content=\"admin\" \/>\n<meta name=\"twitter:label1\" content=\"Escrito por\" \/>\n\t<meta name=\"twitter:data1\" content=\"admin\" \/>\n\t<meta name=\"twitter:label2\" content=\"Tiempo de lectura\" \/>\n\t<meta name=\"twitter:data2\" content=\"1 minuto\" \/>\n<script type=\"application\/ld+json\" class=\"yoast-schema-graph\">{\"@context\":\"https:\/\/schema.org\",\"@graph\":[{\"@type\":\"WebPage\",\"@id\":\"https:\/\/canal.univalle.edu.co\/index.php\/parche-pro-arte-cultura-tiempos-covid-19\/\",\"url\":\"https:\/\/canal.univalle.edu.co\/index.php\/parche-pro-arte-cultura-tiempos-covid-19\/\",\"name\":\"Parche Pro - Arte y Cultura en tiempos de Covid 19 - Canal Universitario \/ Universidad del Valle \/ Cali, Colombia\",\"isPartOf\":{\"@id\":\"https:\/\/canal.univalle.edu.co\/#website\"},\"primaryImageOfPage\":{\"@id\":\"https:\/\/canal.univalle.edu.co\/index.php\/parche-pro-arte-cultura-tiempos-covid-19\/#primaryimage\"},\"image\":{\"@id\":\"https:\/\/canal.univalle.edu.co\/index.php\/parche-pro-arte-cultura-tiempos-covid-19\/#primaryimage\"},\"thumbnailUrl\":\"https:\/\/canal.univalle.edu.co\/wp-content\/uploads\/2020\/11\/Sin-t\u00edtulo.jpg\",\"datePublished\":\"2020-11-10T16:26:21+00:00\",\"dateModified\":\"2020-11-10T16:29:17+00:00\",\"author\":{\"@id\":\"https:\/\/canal.univalle.edu.co\/#\/schema\/person\/fdb5cfa956cbb247f92e3dcdf4a14750\"},\"breadcrumb\":{\"@id\":\"https:\/\/canal.univalle.edu.co\/index.php\/parche-pro-arte-cultura-tiempos-covid-19\/#breadcrumb\"},\"inLanguage\":\"es\",\"potentialAction\":[{\"@type\":\"ReadAction\",\"target\":[\"https:\/\/canal.univalle.edu.co\/index.php\/parche-pro-arte-cultura-tiempos-covid-19\/\"]}]},{\"@type\":\"ImageObject\",\"inLanguage\":\"es\",\"@id\":\"https:\/\/canal.univalle.edu.co\/index.php\/parche-pro-arte-cultura-tiempos-covid-19\/#primaryimage\",\"url\":\"https:\/\/canal.univalle.edu.co\/wp-content\/uploads\/2020\/11\/Sin-t\u00edtulo.jpg\",\"contentUrl\":\"https:\/\/canal.univalle.edu.co\/wp-content\/uploads\/2020\/11\/Sin-t\u00edtulo.jpg\",\"width\":935,\"height\":514},{\"@type\":\"BreadcrumbList\",\"@id\":\"https:\/\/canal.univalle.edu.co\/index.php\/parche-pro-arte-cultura-tiempos-covid-19\/#breadcrumb\",\"itemListElement\":[{\"@type\":\"ListItem\",\"position\":1,\"name\":\"Portada\",\"item\":\"https:\/\/canal.univalle.edu.co\/\"},{\"@type\":\"ListItem\",\"position\":2,\"name\":\"Parche Pro &#8211; Arte y Cultura en tiempos de Covid 19\"}]},{\"@type\":\"WebSite\",\"@id\":\"https:\/\/canal.univalle.edu.co\/#website\",\"url\":\"https:\/\/canal.univalle.edu.co\/\",\"name\":\"Canal Universitario \/ Universidad del Valle \/ Cali, Colombia\",\"description\":\"Canal de la Universidad del Valle\",\"potentialAction\":[{\"@type\":\"SearchAction\",\"target\":{\"@type\":\"EntryPoint\",\"urlTemplate\":\"https:\/\/canal.univalle.edu.co\/?s={search_term_string}\"},\"query-input\":\"required name=search_term_string\"}],\"inLanguage\":\"es\"},{\"@type\":\"Person\",\"@id\":\"https:\/\/canal.univalle.edu.co\/#\/schema\/person\/fdb5cfa956cbb247f92e3dcdf4a14750\",\"name\":\"admin\",\"image\":{\"@type\":\"ImageObject\",\"inLanguage\":\"es\",\"@id\":\"https:\/\/canal.univalle.edu.co\/#\/schema\/person\/image\/\",\"url\":\"https:\/\/secure.gravatar.com\/avatar\/ff32245ed1c79b42b1478f4395c36c6d?s=96&d=monsterid&r=g\",\"contentUrl\":\"https:\/\/secure.gravatar.com\/avatar\/ff32245ed1c79b42b1478f4395c36c6d?s=96&d=monsterid&r=g\",\"caption\":\"admin\"},\"url\":\"https:\/\/canal.univalle.edu.co\/index.php\/author\/admin\/\"}]}<\/script>\n<!-- \/ Yoast SEO plugin. -->","yoast_head_json":{"title":"Parche Pro - Arte y Cultura en tiempos de Covid 19 - Canal Universitario \/ Universidad del Valle \/ Cali, Colombia","robots":{"index":"index","follow":"follow","max-snippet":"max-snippet:-1","max-image-preview":"max-image-preview:large","max-video-preview":"max-video-preview:-1"},"canonical":"https:\/\/canal.univalle.edu.co\/index.php\/parche-pro-arte-cultura-tiempos-covid-19\/","og_locale":"es_ES","og_type":"article","og_title":"Parche Pro - Arte y Cultura en tiempos de Covid 19 - Canal Universitario \/ Universidad del Valle \/ Cali, Colombia","og_description":"Parche Pro &#8211; Arte y Cultura en tiempos de Covid 19 Se reflexionar\u00e1 sobre el impacto que han tenido los sectores de la cultura, el arte y las industrias creativas a ra\u00edz de las medidas sanitarias implementadas por el Gobierno Nacional con la llegada del nuevo coronavirus, covid-19. INVITADOS: JOS\u00c9[...]","og_url":"https:\/\/canal.univalle.edu.co\/index.php\/parche-pro-arte-cultura-tiempos-covid-19\/","og_site_name":"Canal Universitario \/ Universidad del Valle \/ Cali, Colombia","article_published_time":"2020-11-10T16:26:21+00:00","article_modified_time":"2020-11-10T16:29:17+00:00","og_image":[{"width":935,"height":514,"url":"https:\/\/canal.univalle.edu.co\/wp-content\/uploads\/2020\/11\/Sin-t\u00edtulo.jpg","type":"image\/jpeg"}],"author":"admin","twitter_misc":{"Escrito por":"admin","Tiempo de lectura":"1 minuto"},"schema":{"@context":"https:\/\/schema.org","@graph":[{"@type":"WebPage","@id":"https:\/\/canal.univalle.edu.co\/index.php\/parche-pro-arte-cultura-tiempos-covid-19\/","url":"https:\/\/canal.univalle.edu.co\/index.php\/parche-pro-arte-cultura-tiempos-covid-19\/","name":"Parche Pro - Arte y Cultura en tiempos de Covid 19 - Canal Universitario \/ Universidad del Valle \/ Cali, Colombia","isPartOf":{"@id":"https:\/\/canal.univalle.edu.co\/#website"},"primaryImageOfPage":{"@id":"https:\/\/canal.univalle.edu.co\/index.php\/parche-pro-arte-cultura-tiempos-covid-19\/#primaryimage"},"image":{"@id":"https:\/\/canal.univalle.edu.co\/index.php\/parche-pro-arte-cultura-tiempos-covid-19\/#primaryimage"},"thumbnailUrl":"https:\/\/canal.univalle.edu.co\/wp-content\/uploads\/2020\/11\/Sin-t\u00edtulo.jpg","datePublished":"2020-11-10T16:26:21+00:00","dateModified":"2020-11-10T16:29:17+00:00","author":{"@id":"https:\/\/canal.univalle.edu.co\/#\/schema\/person\/fdb5cfa956cbb247f92e3dcdf4a14750"},"breadcrumb":{"@id":"https:\/\/canal.univalle.edu.co\/index.php\/parche-pro-arte-cultura-tiempos-covid-19\/#breadcrumb"},"inLanguage":"es","potentialAction":[{"@type":"ReadAction","target":["https:\/\/canal.univalle.edu.co\/index.php\/parche-pro-arte-cultura-tiempos-covid-19\/"]}]},{"@type":"ImageObject","inLanguage":"es","@id":"https:\/\/canal.univalle.edu.co\/index.php\/parche-pro-arte-cultura-tiempos-covid-19\/#primaryimage","url":"https:\/\/canal.univalle.edu.co\/wp-content\/uploads\/2020\/11\/Sin-t\u00edtulo.jpg","contentUrl":"https:\/\/canal.univalle.edu.co\/wp-content\/uploads\/2020\/11\/Sin-t\u00edtulo.jpg","width":935,"height":514},{"@type":"BreadcrumbList","@id":"https:\/\/canal.univalle.edu.co\/index.php\/parche-pro-arte-cultura-tiempos-covid-19\/#breadcrumb","itemListElement":[{"@type":"ListItem","position":1,"name":"Portada","item":"https:\/\/canal.univalle.edu.co\/"},{"@type":"ListItem","position":2,"name":"Parche Pro &#8211; Arte y Cultura en tiempos de Covid 19"}]},{"@type":"WebSite","@id":"https:\/\/canal.univalle.edu.co\/#website","url":"https:\/\/canal.univalle.edu.co\/","name":"Canal Universitario \/ Universidad del Valle \/ Cali, Colombia","description":"Canal de la Universidad del Valle","potentialAction":[{"@type":"SearchAction","target":{"@type":"EntryPoint","urlTemplate":"https:\/\/canal.univalle.edu.co\/?s={search_term_string}"},"query-input":"required name=search_term_string"}],"inLanguage":"es"},{"@type":"Person","@id":"https:\/\/canal.univalle.edu.co\/#\/schema\/person\/fdb5cfa956cbb247f92e3dcdf4a14750","name":"admin","image":{"@type":"ImageObject","inLanguage":"es","@id":"https:\/\/canal.univalle.edu.co\/#\/schema\/person\/image\/","url":"https:\/\/secure.gravatar.com\/avatar\/ff32245ed1c79b42b1478f4395c36c6d?s=96&d=monsterid&r=g","contentUrl":"https:\/\/secure.gravatar.com\/avatar\/ff32245ed1c79b42b1478f4395c36c6d?s=96&d=monsterid&r=g","caption":"admin"},"url":"https:\/\/canal.univalle.edu.co\/index.php\/author\/admin\/"}]}},"_links":{"self":[{"href":"https:\/\/canal.univalle.edu.co\/index.php\/wp-json\/wp\/v2\/posts\/7173"}],"collection":[{"href":"https:\/\/canal.univalle.edu.co\/index.php\/wp-json\/wp\/v2\/posts"}],"about":[{"href":"https:\/\/canal.univalle.edu.co\/index.php\/wp-json\/wp\/v2\/types\/post"}],"author":[{"embeddable":true,"href":"https:\/\/canal.univalle.edu.co\/index.php\/wp-json\/wp\/v2\/users\/1"}],"replies":[{"embeddable":true,"href":"https:\/\/canal.univalle.edu.co\/index.php\/wp-json\/wp\/v2\/comments?post=7173"}],"version-history":[{"count":2,"href":"https:\/\/canal.univalle.edu.co\/index.php\/wp-json\/wp\/v2\/posts\/7173\/revisions"}],"predecessor-version":[{"id":7177,"href":"https:\/\/canal.univalle.edu.co\/index.php\/wp-json\/wp\/v2\/posts\/7173\/revisions\/7177"}],"wp:featuredmedia":[{"embeddable":true,"href":"https:\/\/canal.univalle.edu.co\/index.php\/wp-json\/wp\/v2\/media\/7174"}],"wp:attachment":[{"href":"https:\/\/canal.univalle.edu.co\/index.php\/wp-json\/wp\/v2\/media?parent=7173"}],"wp:term":[{"taxonomy":"category","embeddable":true,"href":"https:\/\/canal.univalle.edu.co\/index.php\/wp-json\/wp\/v2\/categories?post=7173"},{"taxonomy":"post_tag","embeddable":true,"href":"https:\/\/canal.univalle.edu.co\/index.php\/wp-json\/wp\/v2\/tags?post=7173"}],"curies":[{"name":"wp","href":"https:\/\/api.w.org\/{rel}","templated":true}]}}