








{"id":7148,"date":"2020-10-14T08:49:27","date_gmt":"2020-10-14T13:49:27","guid":{"rendered":"http:\/\/canal.univalle.edu.co\/?p=7148"},"modified":"2020-10-14T08:49:27","modified_gmt":"2020-10-14T13:49:27","slug":"univalle-gradua-657-estudiantes-sedes-regionales","status":"publish","type":"post","link":"https:\/\/canal.univalle.edu.co\/index.php\/univalle-gradua-657-estudiantes-sedes-regionales\/","title":{"rendered":"Univalle grad\u00faa a 657 estudiantes de sus sedes regionales"},"content":{"rendered":"<p><span class=\"authorPost\">Agencia de Noticias Univalle<\/span><\/p>\n<div class=\"itemFullText\">\n<p>La Universidad del Valle celebra este 14 y 15 de octubre su primera ceremonia de grados virtual en el Sistema de Regionalizaci\u00f3n, donde un total de 657 estudiantes, provenientes de las 9 sedes regionales, culminar\u00e1n su etapa formativa en la mejor instituci\u00f3n de educaci\u00f3n superior del suroccidente colombiano.<\/p>\n<p>A trav\u00e9s de las c\u00e1maras de computadores y celulares, amigos y compa\u00f1eros de clase de las 8 facultades presentes en el Sistema de Regionalizaci\u00f3n se encontrar\u00e1n, ataviados con estola y birrete, para ser presentados ahora como profesionales y colegas a sus familias, as\u00ed como a todos los espectadores de la transmisi\u00f3n en vivo del evento.<\/p>\n<p>Cabe resaltar que muchos de los egresados de esta ceremonia vivieron la culminaci\u00f3n de su vida acad\u00e9mica durante el primer semestre totalmente virtual que se ha vivido en la Universidad, producto de la contingencia por el nuevo coronavirus.<\/p>\n<p>Frente a la virtualidad del encuentro de ceremonia, el rector de la Universidad del Valle Edgar Varela Barrios expres\u00f3: \u201cEstas graduaciones virtuales las venimos produciendo a trav\u00e9s de la Direcci\u00f3n de Comunicaciones de la universidad y har\u00e1n que, a trav\u00e9s de la presencia en plataformas digitales, los estudiantes se puedan conectar con sus familias y vivan con la misma solemnidad el final de este ciclo de formaci\u00f3n<\/p>\n<p>Como parte de esta graduaci\u00f3n se hizo un proceso similar al de las graduaciones de Cali, que incluy\u00f3 el envi\u00f3 por correo f\u00edsico de diploma a los estudiantes y la ceremonia virtual que vamos a vivir como instituci\u00f3n\u201d.<\/p>\n<p>En esta gala confluyen los estudiantes egresados el 24 de julio y el 7 de septiembre de 2020, de los cuales 224 egresan como tecn\u00f3logos, 405 como profesionales, 18 como especialistas y 10 como mag\u00edster. De total de egresados, 100 estudiaron en la sede Buga, 31 en Caicedonia, 38 en Cartago, 72 en Pac\u00edfico, 97 en Palmira, 104 en Tulu\u00e1, 73 en Zarzal, 52 en Yumbo y 90 en la sede Norte del Cauca.<\/p>\n<p>\u201cEn regionalizaci\u00f3n hay alrededor de 25 programas acad\u00e9micos de ciencias de la administraci\u00f3n, de ingenier\u00edas a nivel tecnol\u00f3gico y profesional, licenciaturas, posgrados y, en general, un mapa bastante amplio de programas, de los que tenemos hoy m\u00e1s de 650 nuevos egresados. Esperamos en los pr\u00f3ximos a\u00f1os el surgimiento de nuevos nodos y programas haga que este n\u00famero sea a\u00fan mayor\u201d, afirm\u00f3 el profesor Edgar Varela.<\/p>\n<p>En medio de la celebraci\u00f3n por los nuevos profesionales que saldr\u00e1n a aportar con su formaci\u00f3n integral a la sociedad, la Universidad del Valle enarbola la bandera del crecimiento regional con el compromiso de ampliar las oportunidades para que, as\u00ed como los estudiantes que hoy egresan, muchos m\u00e1s aspirantes puedan encontrar en la Universidad del Valle la oportunidad de acceder a la educaci\u00f3n superior\u201d.<\/p>\n<\/div>\n","protected":false},"excerpt":{"rendered":"<p>Agencia de Noticias Univalle La Universidad del Valle celebra este 14 y 15 de octubre su primera ceremonia de grados virtual en el Sistema de Regionalizaci\u00f3n, donde un total de 657 estudiantes, provenientes de las 9 sedes regionales, culminar\u00e1n su etapa formativa en la mejor instituci\u00f3n de educaci\u00f3n superior del[&#8230;]<\/p>\n","protected":false},"author":1,"featured_media":7149,"comment_status":"open","ping_status":"open","sticky":false,"template":"","format":"standard","meta":{"footnotes":""},"categories":[4],"tags":[],"yoast_head":"<!-- This site is optimized with the Yoast SEO plugin v22.2 - https:\/\/yoast.com\/wordpress\/plugins\/seo\/ -->\n<title>Univalle grad\u00faa a 657 estudiantes de sus sedes regionales - Canal Universitario \/ Universidad del Valle \/ Cali, Colombia<\/title>\n<meta name=\"robots\" content=\"index, follow, max-snippet:-1, max-image-preview:large, max-video-preview:-1\" \/>\n<link rel=\"canonical\" href=\"https:\/\/canal.univalle.edu.co\/index.php\/univalle-gradua-657-estudiantes-sedes-regionales\/\" \/>\n<meta property=\"og:locale\" content=\"es_ES\" \/>\n<meta property=\"og:type\" content=\"article\" \/>\n<meta property=\"og:title\" content=\"Univalle grad\u00faa a 657 estudiantes de sus sedes regionales - Canal Universitario \/ Universidad del Valle \/ Cali, Colombia\" \/>\n<meta property=\"og:description\" content=\"Agencia de Noticias Univalle La Universidad del Valle celebra este 14 y 15 de octubre su primera ceremonia de grados virtual en el Sistema de Regionalizaci\u00f3n, donde un total de 657 estudiantes, provenientes de las 9 sedes regionales, culminar\u00e1n su etapa formativa en la mejor instituci\u00f3n de educaci\u00f3n superior del[...]\" \/>\n<meta property=\"og:url\" content=\"https:\/\/canal.univalle.edu.co\/index.php\/univalle-gradua-657-estudiantes-sedes-regionales\/\" \/>\n<meta property=\"og:site_name\" content=\"Canal Universitario \/ Universidad del Valle \/ Cali, Colombia\" \/>\n<meta property=\"article:published_time\" content=\"2020-10-14T13:49:27+00:00\" \/>\n<meta property=\"og:image\" content=\"https:\/\/canal.univalle.edu.co\/wp-content\/uploads\/2020\/10\/a7bee8a78ec1c08f2d86fa26ffc30ce3_M.jpg\" \/>\n\t<meta property=\"og:image:width\" content=\"400\" \/>\n\t<meta property=\"og:image:height\" content=\"266\" \/>\n\t<meta property=\"og:image:type\" content=\"image\/jpeg\" \/>\n<meta name=\"author\" content=\"admin\" \/>\n<meta name=\"twitter:label1\" content=\"Escrito por\" \/>\n\t<meta name=\"twitter:data1\" content=\"admin\" \/>\n\t<meta name=\"twitter:label2\" content=\"Tiempo de lectura\" \/>\n\t<meta name=\"twitter:data2\" content=\"2 minutos\" \/>\n<script type=\"application\/ld+json\" class=\"yoast-schema-graph\">{\"@context\":\"https:\/\/schema.org\",\"@graph\":[{\"@type\":\"WebPage\",\"@id\":\"https:\/\/canal.univalle.edu.co\/index.php\/univalle-gradua-657-estudiantes-sedes-regionales\/\",\"url\":\"https:\/\/canal.univalle.edu.co\/index.php\/univalle-gradua-657-estudiantes-sedes-regionales\/\",\"name\":\"Univalle grad\u00faa a 657 estudiantes de sus sedes regionales - Canal Universitario \/ Universidad del Valle \/ Cali, Colombia\",\"isPartOf\":{\"@id\":\"https:\/\/canal.univalle.edu.co\/#website\"},\"primaryImageOfPage\":{\"@id\":\"https:\/\/canal.univalle.edu.co\/index.php\/univalle-gradua-657-estudiantes-sedes-regionales\/#primaryimage\"},\"image\":{\"@id\":\"https:\/\/canal.univalle.edu.co\/index.php\/univalle-gradua-657-estudiantes-sedes-regionales\/#primaryimage\"},\"thumbnailUrl\":\"https:\/\/canal.univalle.edu.co\/wp-content\/uploads\/2020\/10\/a7bee8a78ec1c08f2d86fa26ffc30ce3_M.jpg\",\"datePublished\":\"2020-10-14T13:49:27+00:00\",\"dateModified\":\"2020-10-14T13:49:27+00:00\",\"author\":{\"@id\":\"https:\/\/canal.univalle.edu.co\/#\/schema\/person\/fdb5cfa956cbb247f92e3dcdf4a14750\"},\"breadcrumb\":{\"@id\":\"https:\/\/canal.univalle.edu.co\/index.php\/univalle-gradua-657-estudiantes-sedes-regionales\/#breadcrumb\"},\"inLanguage\":\"es\",\"potentialAction\":[{\"@type\":\"ReadAction\",\"target\":[\"https:\/\/canal.univalle.edu.co\/index.php\/univalle-gradua-657-estudiantes-sedes-regionales\/\"]}]},{\"@type\":\"ImageObject\",\"inLanguage\":\"es\",\"@id\":\"https:\/\/canal.univalle.edu.co\/index.php\/univalle-gradua-657-estudiantes-sedes-regionales\/#primaryimage\",\"url\":\"https:\/\/canal.univalle.edu.co\/wp-content\/uploads\/2020\/10\/a7bee8a78ec1c08f2d86fa26ffc30ce3_M.jpg\",\"contentUrl\":\"https:\/\/canal.univalle.edu.co\/wp-content\/uploads\/2020\/10\/a7bee8a78ec1c08f2d86fa26ffc30ce3_M.jpg\",\"width\":400,\"height\":266},{\"@type\":\"BreadcrumbList\",\"@id\":\"https:\/\/canal.univalle.edu.co\/index.php\/univalle-gradua-657-estudiantes-sedes-regionales\/#breadcrumb\",\"itemListElement\":[{\"@type\":\"ListItem\",\"position\":1,\"name\":\"Portada\",\"item\":\"https:\/\/canal.univalle.edu.co\/\"},{\"@type\":\"ListItem\",\"position\":2,\"name\":\"Univalle grad\u00faa a 657 estudiantes de sus sedes regionales\"}]},{\"@type\":\"WebSite\",\"@id\":\"https:\/\/canal.univalle.edu.co\/#website\",\"url\":\"https:\/\/canal.univalle.edu.co\/\",\"name\":\"Canal Universitario \/ Universidad del Valle \/ Cali, Colombia\",\"description\":\"Canal de la Universidad del Valle\",\"potentialAction\":[{\"@type\":\"SearchAction\",\"target\":{\"@type\":\"EntryPoint\",\"urlTemplate\":\"https:\/\/canal.univalle.edu.co\/?s={search_term_string}\"},\"query-input\":\"required name=search_term_string\"}],\"inLanguage\":\"es\"},{\"@type\":\"Person\",\"@id\":\"https:\/\/canal.univalle.edu.co\/#\/schema\/person\/fdb5cfa956cbb247f92e3dcdf4a14750\",\"name\":\"admin\",\"image\":{\"@type\":\"ImageObject\",\"inLanguage\":\"es\",\"@id\":\"https:\/\/canal.univalle.edu.co\/#\/schema\/person\/image\/\",\"url\":\"https:\/\/secure.gravatar.com\/avatar\/ff32245ed1c79b42b1478f4395c36c6d?s=96&d=monsterid&r=g\",\"contentUrl\":\"https:\/\/secure.gravatar.com\/avatar\/ff32245ed1c79b42b1478f4395c36c6d?s=96&d=monsterid&r=g\",\"caption\":\"admin\"},\"url\":\"https:\/\/canal.univalle.edu.co\/index.php\/author\/admin\/\"}]}<\/script>\n<!-- \/ Yoast SEO plugin. -->","yoast_head_json":{"title":"Univalle grad\u00faa a 657 estudiantes de sus sedes regionales - Canal Universitario \/ Universidad del Valle \/ Cali, Colombia","robots":{"index":"index","follow":"follow","max-snippet":"max-snippet:-1","max-image-preview":"max-image-preview:large","max-video-preview":"max-video-preview:-1"},"canonical":"https:\/\/canal.univalle.edu.co\/index.php\/univalle-gradua-657-estudiantes-sedes-regionales\/","og_locale":"es_ES","og_type":"article","og_title":"Univalle grad\u00faa a 657 estudiantes de sus sedes regionales - Canal Universitario \/ Universidad del Valle \/ Cali, Colombia","og_description":"Agencia de Noticias Univalle La Universidad del Valle celebra este 14 y 15 de octubre su primera ceremonia de grados virtual en el Sistema de Regionalizaci\u00f3n, donde un total de 657 estudiantes, provenientes de las 9 sedes regionales, culminar\u00e1n su etapa formativa en la mejor instituci\u00f3n de educaci\u00f3n superior del[...]","og_url":"https:\/\/canal.univalle.edu.co\/index.php\/univalle-gradua-657-estudiantes-sedes-regionales\/","og_site_name":"Canal Universitario \/ Universidad del Valle \/ Cali, Colombia","article_published_time":"2020-10-14T13:49:27+00:00","og_image":[{"width":400,"height":266,"url":"https:\/\/canal.univalle.edu.co\/wp-content\/uploads\/2020\/10\/a7bee8a78ec1c08f2d86fa26ffc30ce3_M.jpg","type":"image\/jpeg"}],"author":"admin","twitter_misc":{"Escrito por":"admin","Tiempo de lectura":"2 minutos"},"schema":{"@context":"https:\/\/schema.org","@graph":[{"@type":"WebPage","@id":"https:\/\/canal.univalle.edu.co\/index.php\/univalle-gradua-657-estudiantes-sedes-regionales\/","url":"https:\/\/canal.univalle.edu.co\/index.php\/univalle-gradua-657-estudiantes-sedes-regionales\/","name":"Univalle grad\u00faa a 657 estudiantes de sus sedes regionales - Canal Universitario \/ Universidad del Valle \/ Cali, Colombia","isPartOf":{"@id":"https:\/\/canal.univalle.edu.co\/#website"},"primaryImageOfPage":{"@id":"https:\/\/canal.univalle.edu.co\/index.php\/univalle-gradua-657-estudiantes-sedes-regionales\/#primaryimage"},"image":{"@id":"https:\/\/canal.univalle.edu.co\/index.php\/univalle-gradua-657-estudiantes-sedes-regionales\/#primaryimage"},"thumbnailUrl":"https:\/\/canal.univalle.edu.co\/wp-content\/uploads\/2020\/10\/a7bee8a78ec1c08f2d86fa26ffc30ce3_M.jpg","datePublished":"2020-10-14T13:49:27+00:00","dateModified":"2020-10-14T13:49:27+00:00","author":{"@id":"https:\/\/canal.univalle.edu.co\/#\/schema\/person\/fdb5cfa956cbb247f92e3dcdf4a14750"},"breadcrumb":{"@id":"https:\/\/canal.univalle.edu.co\/index.php\/univalle-gradua-657-estudiantes-sedes-regionales\/#breadcrumb"},"inLanguage":"es","potentialAction":[{"@type":"ReadAction","target":["https:\/\/canal.univalle.edu.co\/index.php\/univalle-gradua-657-estudiantes-sedes-regionales\/"]}]},{"@type":"ImageObject","inLanguage":"es","@id":"https:\/\/canal.univalle.edu.co\/index.php\/univalle-gradua-657-estudiantes-sedes-regionales\/#primaryimage","url":"https:\/\/canal.univalle.edu.co\/wp-content\/uploads\/2020\/10\/a7bee8a78ec1c08f2d86fa26ffc30ce3_M.jpg","contentUrl":"https:\/\/canal.univalle.edu.co\/wp-content\/uploads\/2020\/10\/a7bee8a78ec1c08f2d86fa26ffc30ce3_M.jpg","width":400,"height":266},{"@type":"BreadcrumbList","@id":"https:\/\/canal.univalle.edu.co\/index.php\/univalle-gradua-657-estudiantes-sedes-regionales\/#breadcrumb","itemListElement":[{"@type":"ListItem","position":1,"name":"Portada","item":"https:\/\/canal.univalle.edu.co\/"},{"@type":"ListItem","position":2,"name":"Univalle grad\u00faa a 657 estudiantes de sus sedes regionales"}]},{"@type":"WebSite","@id":"https:\/\/canal.univalle.edu.co\/#website","url":"https:\/\/canal.univalle.edu.co\/","name":"Canal Universitario \/ Universidad del Valle \/ Cali, Colombia","description":"Canal de la Universidad del Valle","potentialAction":[{"@type":"SearchAction","target":{"@type":"EntryPoint","urlTemplate":"https:\/\/canal.univalle.edu.co\/?s={search_term_string}"},"query-input":"required name=search_term_string"}],"inLanguage":"es"},{"@type":"Person","@id":"https:\/\/canal.univalle.edu.co\/#\/schema\/person\/fdb5cfa956cbb247f92e3dcdf4a14750","name":"admin","image":{"@type":"ImageObject","inLanguage":"es","@id":"https:\/\/canal.univalle.edu.co\/#\/schema\/person\/image\/","url":"https:\/\/secure.gravatar.com\/avatar\/ff32245ed1c79b42b1478f4395c36c6d?s=96&d=monsterid&r=g","contentUrl":"https:\/\/secure.gravatar.com\/avatar\/ff32245ed1c79b42b1478f4395c36c6d?s=96&d=monsterid&r=g","caption":"admin"},"url":"https:\/\/canal.univalle.edu.co\/index.php\/author\/admin\/"}]}},"_links":{"self":[{"href":"https:\/\/canal.univalle.edu.co\/index.php\/wp-json\/wp\/v2\/posts\/7148"}],"collection":[{"href":"https:\/\/canal.univalle.edu.co\/index.php\/wp-json\/wp\/v2\/posts"}],"about":[{"href":"https:\/\/canal.univalle.edu.co\/index.php\/wp-json\/wp\/v2\/types\/post"}],"author":[{"embeddable":true,"href":"https:\/\/canal.univalle.edu.co\/index.php\/wp-json\/wp\/v2\/users\/1"}],"replies":[{"embeddable":true,"href":"https:\/\/canal.univalle.edu.co\/index.php\/wp-json\/wp\/v2\/comments?post=7148"}],"version-history":[{"count":1,"href":"https:\/\/canal.univalle.edu.co\/index.php\/wp-json\/wp\/v2\/posts\/7148\/revisions"}],"predecessor-version":[{"id":7150,"href":"https:\/\/canal.univalle.edu.co\/index.php\/wp-json\/wp\/v2\/posts\/7148\/revisions\/7150"}],"wp:featuredmedia":[{"embeddable":true,"href":"https:\/\/canal.univalle.edu.co\/index.php\/wp-json\/wp\/v2\/media\/7149"}],"wp:attachment":[{"href":"https:\/\/canal.univalle.edu.co\/index.php\/wp-json\/wp\/v2\/media?parent=7148"}],"wp:term":[{"taxonomy":"category","embeddable":true,"href":"https:\/\/canal.univalle.edu.co\/index.php\/wp-json\/wp\/v2\/categories?post=7148"},{"taxonomy":"post_tag","embeddable":true,"href":"https:\/\/canal.univalle.edu.co\/index.php\/wp-json\/wp\/v2\/tags?post=7148"}],"curies":[{"name":"wp","href":"https:\/\/api.w.org\/{rel}","templated":true}]}}