








{"id":7144,"date":"2020-10-06T11:24:13","date_gmt":"2020-10-06T16:24:13","guid":{"rendered":"http:\/\/canal.univalle.edu.co\/?p=7144"},"modified":"2020-10-06T11:24:13","modified_gmt":"2020-10-06T16:24:13","slug":"la-universidad-lamenta-deceso-fabio-rodriguez-gonzalez","status":"publish","type":"post","link":"https:\/\/canal.univalle.edu.co\/index.php\/la-universidad-lamenta-deceso-fabio-rodriguez-gonzalez\/","title":{"rendered":"La universidad lamenta deceso de Fabio Rodr\u00edguez Gonz\u00e1lez"},"content":{"rendered":"<p>La Universidad del Valle lamenta profundamente el sensible fallecimiento Fabio Rodr\u00edguez Gonz\u00e1lez, dirigente vallecaucano de amplio reconocimiento y brillante trayectoria y presenta sus sentidas condolencias a familiares, amigos y allegados del ilustre egresado de los programas acad\u00e9micos de Econom\u00eda y de Maestr\u00eda en Administraci\u00f3n Industrial que obtuvo tambi\u00e9n t\u00edtulo de doctor en dise\u00f1o ambiental de la Universidad de Texas.<\/p>\n<p>Fabio Rodr\u00edguez Gonz\u00e1lez fue un reconocido l\u00edder c\u00edvico y empresarial. presidente de la C\u00e1mara de Comercio de Cali y del Fondo Regional de Garant\u00edas FDI (Hoy Propac\u00edfico). Tambi\u00e9n fue presidente de Confec\u00e1maras, director del Instituto Nacional del Transporte \u2013INTRA y Concejal de Santiago de Cali en dos oportunidades.<\/p>\n<p>Bajo su orientaci\u00f3n se realizaron proyectos estrat\u00e9gicos para la regi\u00f3n, tales como la terminal de transportes de Cali, Cencar, Prodesal, La Bolsa de Valores de Occidente, la construcci\u00f3n de las sedes de la C\u00e1mara de Comercio de Cali, Terpel del Suroccidente, estudios como el informe Monitor, el Monumento de la Solidaridad, la escultura de la Negra del Chontaduro y otros representativos de Cali y el Valle del Cauca.<\/p>\n<p>Fabio Rodr\u00edguez Gonz\u00e1lez egres\u00f3 del Programa de Econom\u00eda de la Universidad del Valle en 1968 y del Programa de Maestr\u00eda en Administraci\u00f3n Industrial en 1969.<\/p>\n<p>El exitoso trasegar del extinto l\u00edder deja una profunda huella en la sociedad del Valle del Cauca por su gran legado y deja en la memoria colectiva el reconocimiento de sus cualidades humanas y capacidad de liderazgo.<\/p>\n<p>Edgar Varela Barrios<br \/>\nRector<\/p>\n<p>5 de octubre de 2020<\/p>\n","protected":false},"excerpt":{"rendered":"<p>La Universidad del Valle lamenta profundamente el sensible fallecimiento Fabio Rodr\u00edguez Gonz\u00e1lez, dirigente vallecaucano de amplio reconocimiento y brillante trayectoria y presenta sus sentidas condolencias a familiares, amigos y allegados del ilustre egresado de los programas acad\u00e9micos de Econom\u00eda y de Maestr\u00eda en Administraci\u00f3n Industrial que obtuvo tambi\u00e9n t\u00edtulo de[&#8230;]<\/p>\n","protected":false},"author":1,"featured_media":7145,"comment_status":"open","ping_status":"open","sticky":false,"template":"","format":"standard","meta":{"footnotes":""},"categories":[4],"tags":[],"yoast_head":"<!-- This site is optimized with the Yoast SEO plugin v22.2 - https:\/\/yoast.com\/wordpress\/plugins\/seo\/ -->\n<title>La universidad lamenta deceso de Fabio Rodr\u00edguez Gonz\u00e1lez - Canal Universitario \/ Universidad del Valle \/ Cali, Colombia<\/title>\n<meta name=\"robots\" content=\"index, follow, max-snippet:-1, max-image-preview:large, max-video-preview:-1\" \/>\n<link rel=\"canonical\" href=\"https:\/\/canal.univalle.edu.co\/index.php\/la-universidad-lamenta-deceso-fabio-rodriguez-gonzalez\/\" \/>\n<meta property=\"og:locale\" content=\"es_ES\" \/>\n<meta property=\"og:type\" content=\"article\" \/>\n<meta property=\"og:title\" content=\"La universidad lamenta deceso de Fabio Rodr\u00edguez Gonz\u00e1lez - Canal Universitario \/ Universidad del Valle \/ Cali, Colombia\" \/>\n<meta property=\"og:description\" content=\"La Universidad del Valle lamenta profundamente el sensible fallecimiento Fabio Rodr\u00edguez Gonz\u00e1lez, dirigente vallecaucano de amplio reconocimiento y brillante trayectoria y presenta sus sentidas condolencias a familiares, amigos y allegados del ilustre egresado de los programas acad\u00e9micos de Econom\u00eda y de Maestr\u00eda en Administraci\u00f3n Industrial que obtuvo tambi\u00e9n t\u00edtulo de[...]\" \/>\n<meta property=\"og:url\" content=\"https:\/\/canal.univalle.edu.co\/index.php\/la-universidad-lamenta-deceso-fabio-rodriguez-gonzalez\/\" \/>\n<meta property=\"og:site_name\" content=\"Canal Universitario \/ Universidad del Valle \/ Cali, Colombia\" \/>\n<meta property=\"article:published_time\" content=\"2020-10-06T16:24:13+00:00\" \/>\n<meta property=\"og:image\" content=\"https:\/\/canal.univalle.edu.co\/wp-content\/uploads\/2020\/10\/bec410777270d84f4b9e8f0c40f0f3be_M.jpg\" \/>\n\t<meta property=\"og:image:width\" content=\"400\" \/>\n\t<meta property=\"og:image:height\" content=\"312\" \/>\n\t<meta property=\"og:image:type\" content=\"image\/jpeg\" \/>\n<meta name=\"author\" content=\"admin\" \/>\n<meta name=\"twitter:label1\" content=\"Escrito por\" \/>\n\t<meta name=\"twitter:data1\" content=\"admin\" \/>\n\t<meta name=\"twitter:label2\" content=\"Tiempo de lectura\" \/>\n\t<meta name=\"twitter:data2\" content=\"1 minuto\" \/>\n<script type=\"application\/ld+json\" class=\"yoast-schema-graph\">{\"@context\":\"https:\/\/schema.org\",\"@graph\":[{\"@type\":\"WebPage\",\"@id\":\"https:\/\/canal.univalle.edu.co\/index.php\/la-universidad-lamenta-deceso-fabio-rodriguez-gonzalez\/\",\"url\":\"https:\/\/canal.univalle.edu.co\/index.php\/la-universidad-lamenta-deceso-fabio-rodriguez-gonzalez\/\",\"name\":\"La universidad lamenta deceso de Fabio Rodr\u00edguez Gonz\u00e1lez - Canal Universitario \/ Universidad del Valle \/ Cali, Colombia\",\"isPartOf\":{\"@id\":\"https:\/\/canal.univalle.edu.co\/#website\"},\"primaryImageOfPage\":{\"@id\":\"https:\/\/canal.univalle.edu.co\/index.php\/la-universidad-lamenta-deceso-fabio-rodriguez-gonzalez\/#primaryimage\"},\"image\":{\"@id\":\"https:\/\/canal.univalle.edu.co\/index.php\/la-universidad-lamenta-deceso-fabio-rodriguez-gonzalez\/#primaryimage\"},\"thumbnailUrl\":\"https:\/\/canal.univalle.edu.co\/wp-content\/uploads\/2020\/10\/bec410777270d84f4b9e8f0c40f0f3be_M.jpg\",\"datePublished\":\"2020-10-06T16:24:13+00:00\",\"dateModified\":\"2020-10-06T16:24:13+00:00\",\"author\":{\"@id\":\"https:\/\/canal.univalle.edu.co\/#\/schema\/person\/fdb5cfa956cbb247f92e3dcdf4a14750\"},\"breadcrumb\":{\"@id\":\"https:\/\/canal.univalle.edu.co\/index.php\/la-universidad-lamenta-deceso-fabio-rodriguez-gonzalez\/#breadcrumb\"},\"inLanguage\":\"es\",\"potentialAction\":[{\"@type\":\"ReadAction\",\"target\":[\"https:\/\/canal.univalle.edu.co\/index.php\/la-universidad-lamenta-deceso-fabio-rodriguez-gonzalez\/\"]}]},{\"@type\":\"ImageObject\",\"inLanguage\":\"es\",\"@id\":\"https:\/\/canal.univalle.edu.co\/index.php\/la-universidad-lamenta-deceso-fabio-rodriguez-gonzalez\/#primaryimage\",\"url\":\"https:\/\/canal.univalle.edu.co\/wp-content\/uploads\/2020\/10\/bec410777270d84f4b9e8f0c40f0f3be_M.jpg\",\"contentUrl\":\"https:\/\/canal.univalle.edu.co\/wp-content\/uploads\/2020\/10\/bec410777270d84f4b9e8f0c40f0f3be_M.jpg\",\"width\":400,\"height\":312},{\"@type\":\"BreadcrumbList\",\"@id\":\"https:\/\/canal.univalle.edu.co\/index.php\/la-universidad-lamenta-deceso-fabio-rodriguez-gonzalez\/#breadcrumb\",\"itemListElement\":[{\"@type\":\"ListItem\",\"position\":1,\"name\":\"Portada\",\"item\":\"https:\/\/canal.univalle.edu.co\/\"},{\"@type\":\"ListItem\",\"position\":2,\"name\":\"La universidad lamenta deceso de Fabio Rodr\u00edguez Gonz\u00e1lez\"}]},{\"@type\":\"WebSite\",\"@id\":\"https:\/\/canal.univalle.edu.co\/#website\",\"url\":\"https:\/\/canal.univalle.edu.co\/\",\"name\":\"Canal Universitario \/ Universidad del Valle \/ Cali, Colombia\",\"description\":\"Canal de la Universidad del Valle\",\"potentialAction\":[{\"@type\":\"SearchAction\",\"target\":{\"@type\":\"EntryPoint\",\"urlTemplate\":\"https:\/\/canal.univalle.edu.co\/?s={search_term_string}\"},\"query-input\":\"required name=search_term_string\"}],\"inLanguage\":\"es\"},{\"@type\":\"Person\",\"@id\":\"https:\/\/canal.univalle.edu.co\/#\/schema\/person\/fdb5cfa956cbb247f92e3dcdf4a14750\",\"name\":\"admin\",\"image\":{\"@type\":\"ImageObject\",\"inLanguage\":\"es\",\"@id\":\"https:\/\/canal.univalle.edu.co\/#\/schema\/person\/image\/\",\"url\":\"https:\/\/secure.gravatar.com\/avatar\/ff32245ed1c79b42b1478f4395c36c6d?s=96&d=monsterid&r=g\",\"contentUrl\":\"https:\/\/secure.gravatar.com\/avatar\/ff32245ed1c79b42b1478f4395c36c6d?s=96&d=monsterid&r=g\",\"caption\":\"admin\"},\"url\":\"https:\/\/canal.univalle.edu.co\/index.php\/author\/admin\/\"}]}<\/script>\n<!-- \/ Yoast SEO plugin. -->","yoast_head_json":{"title":"La universidad lamenta deceso de Fabio Rodr\u00edguez Gonz\u00e1lez - Canal Universitario \/ Universidad del Valle \/ Cali, Colombia","robots":{"index":"index","follow":"follow","max-snippet":"max-snippet:-1","max-image-preview":"max-image-preview:large","max-video-preview":"max-video-preview:-1"},"canonical":"https:\/\/canal.univalle.edu.co\/index.php\/la-universidad-lamenta-deceso-fabio-rodriguez-gonzalez\/","og_locale":"es_ES","og_type":"article","og_title":"La universidad lamenta deceso de Fabio Rodr\u00edguez Gonz\u00e1lez - Canal Universitario \/ Universidad del Valle \/ Cali, Colombia","og_description":"La Universidad del Valle lamenta profundamente el sensible fallecimiento Fabio Rodr\u00edguez Gonz\u00e1lez, dirigente vallecaucano de amplio reconocimiento y brillante trayectoria y presenta sus sentidas condolencias a familiares, amigos y allegados del ilustre egresado de los programas acad\u00e9micos de Econom\u00eda y de Maestr\u00eda en Administraci\u00f3n Industrial que obtuvo tambi\u00e9n t\u00edtulo de[...]","og_url":"https:\/\/canal.univalle.edu.co\/index.php\/la-universidad-lamenta-deceso-fabio-rodriguez-gonzalez\/","og_site_name":"Canal Universitario \/ Universidad del Valle \/ Cali, Colombia","article_published_time":"2020-10-06T16:24:13+00:00","og_image":[{"width":400,"height":312,"url":"https:\/\/canal.univalle.edu.co\/wp-content\/uploads\/2020\/10\/bec410777270d84f4b9e8f0c40f0f3be_M.jpg","type":"image\/jpeg"}],"author":"admin","twitter_misc":{"Escrito por":"admin","Tiempo de lectura":"1 minuto"},"schema":{"@context":"https:\/\/schema.org","@graph":[{"@type":"WebPage","@id":"https:\/\/canal.univalle.edu.co\/index.php\/la-universidad-lamenta-deceso-fabio-rodriguez-gonzalez\/","url":"https:\/\/canal.univalle.edu.co\/index.php\/la-universidad-lamenta-deceso-fabio-rodriguez-gonzalez\/","name":"La universidad lamenta deceso de Fabio Rodr\u00edguez Gonz\u00e1lez - Canal Universitario \/ Universidad del Valle \/ Cali, Colombia","isPartOf":{"@id":"https:\/\/canal.univalle.edu.co\/#website"},"primaryImageOfPage":{"@id":"https:\/\/canal.univalle.edu.co\/index.php\/la-universidad-lamenta-deceso-fabio-rodriguez-gonzalez\/#primaryimage"},"image":{"@id":"https:\/\/canal.univalle.edu.co\/index.php\/la-universidad-lamenta-deceso-fabio-rodriguez-gonzalez\/#primaryimage"},"thumbnailUrl":"https:\/\/canal.univalle.edu.co\/wp-content\/uploads\/2020\/10\/bec410777270d84f4b9e8f0c40f0f3be_M.jpg","datePublished":"2020-10-06T16:24:13+00:00","dateModified":"2020-10-06T16:24:13+00:00","author":{"@id":"https:\/\/canal.univalle.edu.co\/#\/schema\/person\/fdb5cfa956cbb247f92e3dcdf4a14750"},"breadcrumb":{"@id":"https:\/\/canal.univalle.edu.co\/index.php\/la-universidad-lamenta-deceso-fabio-rodriguez-gonzalez\/#breadcrumb"},"inLanguage":"es","potentialAction":[{"@type":"ReadAction","target":["https:\/\/canal.univalle.edu.co\/index.php\/la-universidad-lamenta-deceso-fabio-rodriguez-gonzalez\/"]}]},{"@type":"ImageObject","inLanguage":"es","@id":"https:\/\/canal.univalle.edu.co\/index.php\/la-universidad-lamenta-deceso-fabio-rodriguez-gonzalez\/#primaryimage","url":"https:\/\/canal.univalle.edu.co\/wp-content\/uploads\/2020\/10\/bec410777270d84f4b9e8f0c40f0f3be_M.jpg","contentUrl":"https:\/\/canal.univalle.edu.co\/wp-content\/uploads\/2020\/10\/bec410777270d84f4b9e8f0c40f0f3be_M.jpg","width":400,"height":312},{"@type":"BreadcrumbList","@id":"https:\/\/canal.univalle.edu.co\/index.php\/la-universidad-lamenta-deceso-fabio-rodriguez-gonzalez\/#breadcrumb","itemListElement":[{"@type":"ListItem","position":1,"name":"Portada","item":"https:\/\/canal.univalle.edu.co\/"},{"@type":"ListItem","position":2,"name":"La universidad lamenta deceso de Fabio Rodr\u00edguez Gonz\u00e1lez"}]},{"@type":"WebSite","@id":"https:\/\/canal.univalle.edu.co\/#website","url":"https:\/\/canal.univalle.edu.co\/","name":"Canal Universitario \/ Universidad del Valle \/ Cali, Colombia","description":"Canal de la Universidad del Valle","potentialAction":[{"@type":"SearchAction","target":{"@type":"EntryPoint","urlTemplate":"https:\/\/canal.univalle.edu.co\/?s={search_term_string}"},"query-input":"required name=search_term_string"}],"inLanguage":"es"},{"@type":"Person","@id":"https:\/\/canal.univalle.edu.co\/#\/schema\/person\/fdb5cfa956cbb247f92e3dcdf4a14750","name":"admin","image":{"@type":"ImageObject","inLanguage":"es","@id":"https:\/\/canal.univalle.edu.co\/#\/schema\/person\/image\/","url":"https:\/\/secure.gravatar.com\/avatar\/ff32245ed1c79b42b1478f4395c36c6d?s=96&d=monsterid&r=g","contentUrl":"https:\/\/secure.gravatar.com\/avatar\/ff32245ed1c79b42b1478f4395c36c6d?s=96&d=monsterid&r=g","caption":"admin"},"url":"https:\/\/canal.univalle.edu.co\/index.php\/author\/admin\/"}]}},"_links":{"self":[{"href":"https:\/\/canal.univalle.edu.co\/index.php\/wp-json\/wp\/v2\/posts\/7144"}],"collection":[{"href":"https:\/\/canal.univalle.edu.co\/index.php\/wp-json\/wp\/v2\/posts"}],"about":[{"href":"https:\/\/canal.univalle.edu.co\/index.php\/wp-json\/wp\/v2\/types\/post"}],"author":[{"embeddable":true,"href":"https:\/\/canal.univalle.edu.co\/index.php\/wp-json\/wp\/v2\/users\/1"}],"replies":[{"embeddable":true,"href":"https:\/\/canal.univalle.edu.co\/index.php\/wp-json\/wp\/v2\/comments?post=7144"}],"version-history":[{"count":1,"href":"https:\/\/canal.univalle.edu.co\/index.php\/wp-json\/wp\/v2\/posts\/7144\/revisions"}],"predecessor-version":[{"id":7146,"href":"https:\/\/canal.univalle.edu.co\/index.php\/wp-json\/wp\/v2\/posts\/7144\/revisions\/7146"}],"wp:featuredmedia":[{"embeddable":true,"href":"https:\/\/canal.univalle.edu.co\/index.php\/wp-json\/wp\/v2\/media\/7145"}],"wp:attachment":[{"href":"https:\/\/canal.univalle.edu.co\/index.php\/wp-json\/wp\/v2\/media?parent=7144"}],"wp:term":[{"taxonomy":"category","embeddable":true,"href":"https:\/\/canal.univalle.edu.co\/index.php\/wp-json\/wp\/v2\/categories?post=7144"},{"taxonomy":"post_tag","embeddable":true,"href":"https:\/\/canal.univalle.edu.co\/index.php\/wp-json\/wp\/v2\/tags?post=7144"}],"curies":[{"name":"wp","href":"https:\/\/api.w.org\/{rel}","templated":true}]}}