








{"id":7137,"date":"2020-09-29T12:30:57","date_gmt":"2020-09-29T17:30:57","guid":{"rendered":"http:\/\/canal.univalle.edu.co\/?p=7137"},"modified":"2020-09-29T12:30:57","modified_gmt":"2020-09-29T17:30:57","slug":"vicerrectora-presenta-logros-manejo-la-pandemia","status":"publish","type":"post","link":"https:\/\/canal.univalle.edu.co\/index.php\/vicerrectora-presenta-logros-manejo-la-pandemia\/","title":{"rendered":"Vicerrectora presenta logros en el manejo de la pandemia"},"content":{"rendered":"<p>Agencia de Noticias Univalle<br \/>\nComo parte del Comit\u00e9 ad hon\u00f3rem liderado por la Gobernaci\u00f3n del Valle del Cauca para atender la pandemia en el departamento, la Universidad se ha mantenido activa en los distintos grupos de trabajo que tienen a cargo tareas como la formulaci\u00f3n y evaluaci\u00f3n de protocolos, acciones y medidas; la capacitaci\u00f3n del personal de salud; el fortalecimiento de capacidades del sistema de atenci\u00f3n y de los laboratorios que trabajan en la detecci\u00f3n del virus SARS CoV-2.<\/p>\n<p>La vicerrectora acad\u00e9mica Liliana Arias Castillo expuso la experiencia interinstitucional en el manejo del COVID-19 en el Valle del Cauca en un panel organizado en el marco de la XX Semana Colombo China.<\/p>\n<p>La profesora Liliana Arias, m\u00e9dica y cirujana, especialista en Medicina Familiar, representa a la Universidad del Valle en el Comit\u00e9 del que hacen parte otros doce expertos, entre infect\u00f3logos, epidemi\u00f3logos y l\u00edderes de la regi\u00f3n.<\/p>\n<p>Esta comisi\u00f3n, orientada por la exgobernadora Dilian Francisca Toro, qui\u00e9n tambi\u00e9n es m\u00e9dica y cirujana, y el inmun\u00f3logo y profesor jubilado de la Universidad del Valle S\u00f3crates Herrera, establece las estrategias y criterios necesarios para para dar un manejo integral a la situaci\u00f3n.<\/p>\n<p>En su intervenci\u00f3n en el panel \u201cManejo del Covid-19 en la pospandemia\u201d, realizado a trav\u00e9s de una plataforma virtual, la vicerrectora destac\u00f3 que en el Valle del Cauca\u00ad\u00ad\u00ad\u00ad\u00ad\u00ad, las secretar\u00edas de salud municipales y la secretar\u00eda departamental han trabajado conjuntamente, pero tambi\u00e9n se han llevado a cabo procesos aut\u00f3nomos dentro de los entes territoriales. As\u00ed mismo, resalt\u00f3 que el sector privado y varias de las m\u00e1s grandes Instituciones de Educaci\u00f3n Superior de la regi\u00f3n han tenido una participaci\u00f3n importante en la b\u00fasqueda de soluciones a esta problem\u00e1tica.<\/p>\n<p>\u201cLa Universidad del Valle es la principal Instituci\u00f3n de Educaci\u00f3n Superior del Occidente Colombiano y una de las tres universidades p\u00fablicas m\u00e1s importantes del pa\u00eds. Desde su fundaci\u00f3n, hace 75 a\u00f1os, siempre ha mantenido un compromiso social y trabajado para el desarrollo de la regi\u00f3n\u201d, afirm\u00f3 la vicerrectora.<\/p>\n<p>Entre estos frentes, existe un grupo de trabajo liderado por profesores epidemi\u00f3logos de la Universidad del Valle, en el que tambi\u00e9n participan expertos de la Universidad Javeriana de Bogot\u00e1, la Universidad de Toronto y la Universidad de Texas, quienes siguen a diario la evoluci\u00f3n de la situaci\u00f3n y el comportamiento del virus en el departamento y alertan sobre las precauciones y las medidas de prevenci\u00f3n que se deben adoptar.<\/p>\n<p>Por otro lado, el laboratorio de agentes biol\u00f3gicos de Univalle fue el primero de car\u00e1cter universitario que entr\u00f3 en funcionamiento en el pa\u00eds, poni\u00e9ndose al servicio del procesamiento de pruebas para la detecci\u00f3n del COVID-19 desde el 1 de abril. La Universidad tambi\u00e9n ha hecho una gran apuesta para reforzar las condiciones de este laboratorio, ampliando su capacidad de procesamiento a m\u00e1s de 200 pruebas diarias.<\/p>\n<p>\u201cLa profesora Beatriz Parra Pati\u00f1o, doctora en virolog\u00eda, lidera esta labor. No solamente se ha fortalecido el laboratorio de la Universidad, sino que tambi\u00e9n se han impulsado otros laboratorios de la regi\u00f3n, como el del Puerto de Buenaventura, una zona bastante cr\u00edtica.<\/p>\n<p>De igual manera, se trabaja conjuntamente con los laboratorios del Hospital Universitario del Valle -HUV , de las Secretar\u00edas de Salud Departamental y Municipal, as\u00ed como en la revisi\u00f3n de la capacidad del procesamiento de pruebas por parte de las cl\u00ednicas privadas.<\/p>\n<p>La entrega de resultados del PCR el mismo d\u00eda que se reciben las muestras, ha facilitado este proceso\u201d, manifest\u00f3 la profesora Liliana Arias.<\/p>\n<p>As\u00ed mismo, la Universidad del Valle ha trabajado con otras de la regi\u00f3n en la capacitaci\u00f3n del personal que atiende la emergencia, no solo en el Valle del Cauca, sino tambi\u00e9n en departamentos aleda\u00f1os.<\/p>\n<p>\u201cActualmente, hemos capacitado alrededor de 5 mil personas en el Valle del Cauca, Cauca, Nari\u00f1o y Putumayo. Empezamos capacitando a las personas que trabajan en los laboratorios, al personal de salud en bioseguridad y a quienes atienden en las Unidades de Cuidado Intensivo\u201d, se\u00f1al\u00f3 la vicerrectora.<\/p>\n<p>Uno de los logros m\u00e1s importantes en el manejo de la pandemia en el Valle del Cauca es que hasta ahora el departamento no ha llegado a una ocupaci\u00f3n del 100% de camas de cuidado intensivo, lo que se atribuye al trabajo con cl\u00ednicas p\u00fablicas y privadas para orientar el manejo de este tipo de atenci\u00f3n especializada y a la oportuna ampliaci\u00f3n de camas hospitalarias.<\/p>\n<p>Desarrollos como c\u00e1maras germicidas que limpian el ambiente por medio de luces ultravioleta, urnas para intubaci\u00f3n que protegen al personal m\u00e9dico, lavamanos port\u00e1tiles para lugares con poca conectividad hidr\u00e1ulica como las estaciones del MIO, nuevas pruebas para la detecci\u00f3n del SARS-Cov2 en plasma y saliva, son algunas de los aportes en innovaci\u00f3n tecnol\u00f3gica que la Universidad del Valle ha puesto al servicio de la ciudadan\u00eda.<\/p>\n<p>En materia de investigaci\u00f3n, tambi\u00e9n se destaca que, en su \u00faltima convocatoria interna para el desarrollo de proyectos de investigaci\u00f3n, la Universidad del Valle invirti\u00f3 mil millones de pesos y se seleccionaron 39 propuestas enfocadas en el manejo del COVID -19 durante y despu\u00e9s de la pandemia. Esta selecci\u00f3n tuvo en cuenta proyectos de distintas \u00e1reas del conocimiento, incluyendo el abordaje psicosocial.<\/p>\n<p>Cali tambi\u00e9n le apost\u00f3 a probar la efectividad del tratamiento con ivermectiva a trav\u00e9s de dos ejercicios. El primero, orientado hacia la prevenci\u00f3n primaria con contactos, que fue implementado por la Alcald\u00eda de Cali, en cabeza del alcalde, el m\u00e9dico y cirujano Jorge Iv\u00e1n Ospina, como parte de una pol\u00edtica p\u00fablica para establecer un cerco epidemiol\u00f3gico en la ciudad. Hasta ahora, como resultado de esta intervenci\u00f3n se ha encontrado una disminuci\u00f3n de los niveles de contagio, letalidad y gravedad de este virus. Por otra parte, el profesor del Departamento de Pediatr\u00eda, el pediatra infect\u00f3logo P\u00edo L\u00f3pez L\u00f3pez, lidera un estudio de casos y controles con el uso de este medicamento en el que participan 600 pacientes.<\/p>\n<p>Para la profesora Liliana Arias, unas de las principales lecciones que ha dejado esta situaci\u00f3n, es que el trabajo mancomunado de entidades p\u00fablicas y privadas, adem\u00e1s de la cooperaci\u00f3n internacional, son factores decisivos para manejar este tipo de problem\u00e1ticas.\u201dCelebro la relaci\u00f3n de cooperaci\u00f3n con China. Teniendo en cuenta que en Wuhan, China fue donde se present\u00f3 el primer brote, tenemos mucho que aprender de este pa\u00eds sobre c\u00f3mo enfrentar la pandemia, tener todo el aprestamiento y tomar acciones para consolidar procesos que permitan enfrentar la crisis que se ha generado \u201d concluy\u00f3.<\/p>\n","protected":false},"excerpt":{"rendered":"<p>Agencia de Noticias Univalle Como parte del Comit\u00e9 ad hon\u00f3rem liderado por la Gobernaci\u00f3n del Valle del Cauca para atender la pandemia en el departamento, la Universidad se ha mantenido activa en los distintos grupos de trabajo que tienen a cargo tareas como la formulaci\u00f3n y evaluaci\u00f3n de protocolos, acciones[&#8230;]<\/p>\n","protected":false},"author":1,"featured_media":7138,"comment_status":"open","ping_status":"open","sticky":false,"template":"","format":"standard","meta":{"footnotes":""},"categories":[4],"tags":[],"yoast_head":"<!-- This site is optimized with the Yoast SEO plugin v22.2 - https:\/\/yoast.com\/wordpress\/plugins\/seo\/ -->\n<title>Vicerrectora presenta logros en el manejo de la pandemia - Canal Universitario \/ Universidad del Valle \/ Cali, Colombia<\/title>\n<meta name=\"robots\" content=\"index, follow, max-snippet:-1, max-image-preview:large, max-video-preview:-1\" \/>\n<link rel=\"canonical\" href=\"https:\/\/canal.univalle.edu.co\/index.php\/vicerrectora-presenta-logros-manejo-la-pandemia\/\" \/>\n<meta property=\"og:locale\" content=\"es_ES\" \/>\n<meta property=\"og:type\" content=\"article\" \/>\n<meta property=\"og:title\" content=\"Vicerrectora presenta logros en el manejo de la pandemia - Canal Universitario \/ Universidad del Valle \/ Cali, Colombia\" \/>\n<meta property=\"og:description\" content=\"Agencia de Noticias Univalle Como parte del Comit\u00e9 ad hon\u00f3rem liderado por la Gobernaci\u00f3n del Valle del Cauca para atender la pandemia en el departamento, la Universidad se ha mantenido activa en los distintos grupos de trabajo que tienen a cargo tareas como la formulaci\u00f3n y evaluaci\u00f3n de protocolos, acciones[...]\" \/>\n<meta property=\"og:url\" content=\"https:\/\/canal.univalle.edu.co\/index.php\/vicerrectora-presenta-logros-manejo-la-pandemia\/\" \/>\n<meta property=\"og:site_name\" content=\"Canal Universitario \/ Universidad del Valle \/ Cali, Colombia\" \/>\n<meta property=\"article:published_time\" content=\"2020-09-29T17:30:57+00:00\" \/>\n<meta property=\"og:image\" content=\"https:\/\/canal.univalle.edu.co\/wp-content\/uploads\/2020\/09\/9a8413a5ccf093f7a185637c8138daf5_M.jpg\" \/>\n\t<meta property=\"og:image:width\" content=\"400\" \/>\n\t<meta property=\"og:image:height\" content=\"390\" \/>\n\t<meta property=\"og:image:type\" content=\"image\/jpeg\" \/>\n<meta name=\"author\" content=\"admin\" \/>\n<meta name=\"twitter:label1\" content=\"Escrito por\" \/>\n\t<meta name=\"twitter:data1\" content=\"admin\" \/>\n\t<meta name=\"twitter:label2\" content=\"Tiempo de lectura\" \/>\n\t<meta name=\"twitter:data2\" content=\"6 minutos\" \/>\n<script type=\"application\/ld+json\" class=\"yoast-schema-graph\">{\"@context\":\"https:\/\/schema.org\",\"@graph\":[{\"@type\":\"WebPage\",\"@id\":\"https:\/\/canal.univalle.edu.co\/index.php\/vicerrectora-presenta-logros-manejo-la-pandemia\/\",\"url\":\"https:\/\/canal.univalle.edu.co\/index.php\/vicerrectora-presenta-logros-manejo-la-pandemia\/\",\"name\":\"Vicerrectora presenta logros en el manejo de la pandemia - Canal Universitario \/ Universidad del Valle \/ Cali, Colombia\",\"isPartOf\":{\"@id\":\"https:\/\/canal.univalle.edu.co\/#website\"},\"primaryImageOfPage\":{\"@id\":\"https:\/\/canal.univalle.edu.co\/index.php\/vicerrectora-presenta-logros-manejo-la-pandemia\/#primaryimage\"},\"image\":{\"@id\":\"https:\/\/canal.univalle.edu.co\/index.php\/vicerrectora-presenta-logros-manejo-la-pandemia\/#primaryimage\"},\"thumbnailUrl\":\"https:\/\/canal.univalle.edu.co\/wp-content\/uploads\/2020\/09\/9a8413a5ccf093f7a185637c8138daf5_M.jpg\",\"datePublished\":\"2020-09-29T17:30:57+00:00\",\"dateModified\":\"2020-09-29T17:30:57+00:00\",\"author\":{\"@id\":\"https:\/\/canal.univalle.edu.co\/#\/schema\/person\/fdb5cfa956cbb247f92e3dcdf4a14750\"},\"breadcrumb\":{\"@id\":\"https:\/\/canal.univalle.edu.co\/index.php\/vicerrectora-presenta-logros-manejo-la-pandemia\/#breadcrumb\"},\"inLanguage\":\"es\",\"potentialAction\":[{\"@type\":\"ReadAction\",\"target\":[\"https:\/\/canal.univalle.edu.co\/index.php\/vicerrectora-presenta-logros-manejo-la-pandemia\/\"]}]},{\"@type\":\"ImageObject\",\"inLanguage\":\"es\",\"@id\":\"https:\/\/canal.univalle.edu.co\/index.php\/vicerrectora-presenta-logros-manejo-la-pandemia\/#primaryimage\",\"url\":\"https:\/\/canal.univalle.edu.co\/wp-content\/uploads\/2020\/09\/9a8413a5ccf093f7a185637c8138daf5_M.jpg\",\"contentUrl\":\"https:\/\/canal.univalle.edu.co\/wp-content\/uploads\/2020\/09\/9a8413a5ccf093f7a185637c8138daf5_M.jpg\",\"width\":400,\"height\":390},{\"@type\":\"BreadcrumbList\",\"@id\":\"https:\/\/canal.univalle.edu.co\/index.php\/vicerrectora-presenta-logros-manejo-la-pandemia\/#breadcrumb\",\"itemListElement\":[{\"@type\":\"ListItem\",\"position\":1,\"name\":\"Portada\",\"item\":\"https:\/\/canal.univalle.edu.co\/\"},{\"@type\":\"ListItem\",\"position\":2,\"name\":\"Vicerrectora presenta logros en el manejo de la pandemia\"}]},{\"@type\":\"WebSite\",\"@id\":\"https:\/\/canal.univalle.edu.co\/#website\",\"url\":\"https:\/\/canal.univalle.edu.co\/\",\"name\":\"Canal Universitario \/ Universidad del Valle \/ Cali, Colombia\",\"description\":\"Canal de la Universidad del Valle\",\"potentialAction\":[{\"@type\":\"SearchAction\",\"target\":{\"@type\":\"EntryPoint\",\"urlTemplate\":\"https:\/\/canal.univalle.edu.co\/?s={search_term_string}\"},\"query-input\":\"required name=search_term_string\"}],\"inLanguage\":\"es\"},{\"@type\":\"Person\",\"@id\":\"https:\/\/canal.univalle.edu.co\/#\/schema\/person\/fdb5cfa956cbb247f92e3dcdf4a14750\",\"name\":\"admin\",\"image\":{\"@type\":\"ImageObject\",\"inLanguage\":\"es\",\"@id\":\"https:\/\/canal.univalle.edu.co\/#\/schema\/person\/image\/\",\"url\":\"https:\/\/secure.gravatar.com\/avatar\/ff32245ed1c79b42b1478f4395c36c6d?s=96&d=monsterid&r=g\",\"contentUrl\":\"https:\/\/secure.gravatar.com\/avatar\/ff32245ed1c79b42b1478f4395c36c6d?s=96&d=monsterid&r=g\",\"caption\":\"admin\"},\"url\":\"https:\/\/canal.univalle.edu.co\/index.php\/author\/admin\/\"}]}<\/script>\n<!-- \/ Yoast SEO plugin. -->","yoast_head_json":{"title":"Vicerrectora presenta logros en el manejo de la pandemia - Canal Universitario \/ Universidad del Valle \/ Cali, Colombia","robots":{"index":"index","follow":"follow","max-snippet":"max-snippet:-1","max-image-preview":"max-image-preview:large","max-video-preview":"max-video-preview:-1"},"canonical":"https:\/\/canal.univalle.edu.co\/index.php\/vicerrectora-presenta-logros-manejo-la-pandemia\/","og_locale":"es_ES","og_type":"article","og_title":"Vicerrectora presenta logros en el manejo de la pandemia - Canal Universitario \/ Universidad del Valle \/ Cali, Colombia","og_description":"Agencia de Noticias Univalle Como parte del Comit\u00e9 ad hon\u00f3rem liderado por la Gobernaci\u00f3n del Valle del Cauca para atender la pandemia en el departamento, la Universidad se ha mantenido activa en los distintos grupos de trabajo que tienen a cargo tareas como la formulaci\u00f3n y evaluaci\u00f3n de protocolos, acciones[...]","og_url":"https:\/\/canal.univalle.edu.co\/index.php\/vicerrectora-presenta-logros-manejo-la-pandemia\/","og_site_name":"Canal Universitario \/ Universidad del Valle \/ Cali, Colombia","article_published_time":"2020-09-29T17:30:57+00:00","og_image":[{"width":400,"height":390,"url":"https:\/\/canal.univalle.edu.co\/wp-content\/uploads\/2020\/09\/9a8413a5ccf093f7a185637c8138daf5_M.jpg","type":"image\/jpeg"}],"author":"admin","twitter_misc":{"Escrito por":"admin","Tiempo de lectura":"6 minutos"},"schema":{"@context":"https:\/\/schema.org","@graph":[{"@type":"WebPage","@id":"https:\/\/canal.univalle.edu.co\/index.php\/vicerrectora-presenta-logros-manejo-la-pandemia\/","url":"https:\/\/canal.univalle.edu.co\/index.php\/vicerrectora-presenta-logros-manejo-la-pandemia\/","name":"Vicerrectora presenta logros en el manejo de la pandemia - Canal Universitario \/ Universidad del Valle \/ Cali, Colombia","isPartOf":{"@id":"https:\/\/canal.univalle.edu.co\/#website"},"primaryImageOfPage":{"@id":"https:\/\/canal.univalle.edu.co\/index.php\/vicerrectora-presenta-logros-manejo-la-pandemia\/#primaryimage"},"image":{"@id":"https:\/\/canal.univalle.edu.co\/index.php\/vicerrectora-presenta-logros-manejo-la-pandemia\/#primaryimage"},"thumbnailUrl":"https:\/\/canal.univalle.edu.co\/wp-content\/uploads\/2020\/09\/9a8413a5ccf093f7a185637c8138daf5_M.jpg","datePublished":"2020-09-29T17:30:57+00:00","dateModified":"2020-09-29T17:30:57+00:00","author":{"@id":"https:\/\/canal.univalle.edu.co\/#\/schema\/person\/fdb5cfa956cbb247f92e3dcdf4a14750"},"breadcrumb":{"@id":"https:\/\/canal.univalle.edu.co\/index.php\/vicerrectora-presenta-logros-manejo-la-pandemia\/#breadcrumb"},"inLanguage":"es","potentialAction":[{"@type":"ReadAction","target":["https:\/\/canal.univalle.edu.co\/index.php\/vicerrectora-presenta-logros-manejo-la-pandemia\/"]}]},{"@type":"ImageObject","inLanguage":"es","@id":"https:\/\/canal.univalle.edu.co\/index.php\/vicerrectora-presenta-logros-manejo-la-pandemia\/#primaryimage","url":"https:\/\/canal.univalle.edu.co\/wp-content\/uploads\/2020\/09\/9a8413a5ccf093f7a185637c8138daf5_M.jpg","contentUrl":"https:\/\/canal.univalle.edu.co\/wp-content\/uploads\/2020\/09\/9a8413a5ccf093f7a185637c8138daf5_M.jpg","width":400,"height":390},{"@type":"BreadcrumbList","@id":"https:\/\/canal.univalle.edu.co\/index.php\/vicerrectora-presenta-logros-manejo-la-pandemia\/#breadcrumb","itemListElement":[{"@type":"ListItem","position":1,"name":"Portada","item":"https:\/\/canal.univalle.edu.co\/"},{"@type":"ListItem","position":2,"name":"Vicerrectora presenta logros en el manejo de la pandemia"}]},{"@type":"WebSite","@id":"https:\/\/canal.univalle.edu.co\/#website","url":"https:\/\/canal.univalle.edu.co\/","name":"Canal Universitario \/ Universidad del Valle \/ Cali, Colombia","description":"Canal de la Universidad del Valle","potentialAction":[{"@type":"SearchAction","target":{"@type":"EntryPoint","urlTemplate":"https:\/\/canal.univalle.edu.co\/?s={search_term_string}"},"query-input":"required name=search_term_string"}],"inLanguage":"es"},{"@type":"Person","@id":"https:\/\/canal.univalle.edu.co\/#\/schema\/person\/fdb5cfa956cbb247f92e3dcdf4a14750","name":"admin","image":{"@type":"ImageObject","inLanguage":"es","@id":"https:\/\/canal.univalle.edu.co\/#\/schema\/person\/image\/","url":"https:\/\/secure.gravatar.com\/avatar\/ff32245ed1c79b42b1478f4395c36c6d?s=96&d=monsterid&r=g","contentUrl":"https:\/\/secure.gravatar.com\/avatar\/ff32245ed1c79b42b1478f4395c36c6d?s=96&d=monsterid&r=g","caption":"admin"},"url":"https:\/\/canal.univalle.edu.co\/index.php\/author\/admin\/"}]}},"_links":{"self":[{"href":"https:\/\/canal.univalle.edu.co\/index.php\/wp-json\/wp\/v2\/posts\/7137"}],"collection":[{"href":"https:\/\/canal.univalle.edu.co\/index.php\/wp-json\/wp\/v2\/posts"}],"about":[{"href":"https:\/\/canal.univalle.edu.co\/index.php\/wp-json\/wp\/v2\/types\/post"}],"author":[{"embeddable":true,"href":"https:\/\/canal.univalle.edu.co\/index.php\/wp-json\/wp\/v2\/users\/1"}],"replies":[{"embeddable":true,"href":"https:\/\/canal.univalle.edu.co\/index.php\/wp-json\/wp\/v2\/comments?post=7137"}],"version-history":[{"count":1,"href":"https:\/\/canal.univalle.edu.co\/index.php\/wp-json\/wp\/v2\/posts\/7137\/revisions"}],"predecessor-version":[{"id":7139,"href":"https:\/\/canal.univalle.edu.co\/index.php\/wp-json\/wp\/v2\/posts\/7137\/revisions\/7139"}],"wp:featuredmedia":[{"embeddable":true,"href":"https:\/\/canal.univalle.edu.co\/index.php\/wp-json\/wp\/v2\/media\/7138"}],"wp:attachment":[{"href":"https:\/\/canal.univalle.edu.co\/index.php\/wp-json\/wp\/v2\/media?parent=7137"}],"wp:term":[{"taxonomy":"category","embeddable":true,"href":"https:\/\/canal.univalle.edu.co\/index.php\/wp-json\/wp\/v2\/categories?post=7137"},{"taxonomy":"post_tag","embeddable":true,"href":"https:\/\/canal.univalle.edu.co\/index.php\/wp-json\/wp\/v2\/tags?post=7137"}],"curies":[{"name":"wp","href":"https:\/\/api.w.org\/{rel}","templated":true}]}}