








{"id":7123,"date":"2020-09-14T12:49:51","date_gmt":"2020-09-14T17:49:51","guid":{"rendered":"http:\/\/canal.univalle.edu.co\/?p=7123"},"modified":"2020-09-14T12:49:51","modified_gmt":"2020-09-14T17:49:51","slug":"presentacion-del-libro-la-gestacion-cultural-enves-la-economia-naranja","status":"publish","type":"post","link":"https:\/\/canal.univalle.edu.co\/index.php\/presentacion-del-libro-la-gestacion-cultural-enves-la-economia-naranja\/","title":{"rendered":"Presentaci\u00f3n del libro \u201cLa Gestaci\u00f3n Cultural, el Env\u00e9s de la Econom\u00eda Naranja\u201d"},"content":{"rendered":"<p><span class=\"authorPost\">Agencia de Noticias Univalle<\/span><\/p>\n<div class=\"itemFullText\">\n<p>La Escuela de Comunicaci\u00f3n Social de la Universidad del Valle invita a la presentaci\u00f3n virtual del libro \u201cLa Gestaci\u00f3n cultural, el env\u00e9s de la econom\u00eda naranja\u201d. Esta actividad se realizar\u00e1 el pr\u00f3ximo lunes 14 septiembre, a partir de las 9:00 am a trav\u00e9s del siguiente enlace\u00a0<a href=\"https:\/\/meet.google.com\/kxp-kycd-iqb\">https:\/\/meet.google.com\/kxp-kycd-iqb<\/a><\/p>\n<p>Esta publicaci\u00f3n es resultado de la investigaci\u00f3n que realiz\u00f3 el docente Jos\u00e9 Hleap Borrero durante su a\u00f1o sab\u00e1tico.<\/p>\n<p>El libro est\u00e1 compuesto por cuatro cap\u00edtulos: La \u201cEconom\u00eda Naranja\u201d, \u201cDe la Econom\u00eda Cultural a la Cultura Econ\u00f3mica\u201d, \u201cEl env\u00e9s de la naranja\u201d y \u201cLa gestaci\u00f3n del futuro como in\u00e9dito viable\u201d.<\/p>\n<p>Jos\u00e9 Hleap es licenciado en educaci\u00f3n, literatura e idiomas de la Universidad Santiago de Cali; comunicador social y periodista, mag\u00edster en educaci\u00f3n con \u00e9nfasis en educaci\u00f3n popular y doctor (Ph.D.) en educaci\u00f3n de la Universidad del Valle.<\/p>\n<\/div>\n","protected":false},"excerpt":{"rendered":"<p>Agencia de Noticias Univalle La Escuela de Comunicaci\u00f3n Social de la Universidad del Valle invita a la presentaci\u00f3n virtual del libro \u201cLa Gestaci\u00f3n cultural, el env\u00e9s de la econom\u00eda naranja\u201d. Esta actividad se realizar\u00e1 el pr\u00f3ximo lunes 14 septiembre, a partir de las 9:00 am a trav\u00e9s del siguiente enlace\u00a0https:\/\/meet.google.com\/kxp-kycd-iqb[&#8230;]<\/p>\n","protected":false},"author":1,"featured_media":7124,"comment_status":"open","ping_status":"open","sticky":false,"template":"","format":"standard","meta":{"footnotes":""},"categories":[4],"tags":[],"yoast_head":"<!-- This site is optimized with the Yoast SEO plugin v22.2 - https:\/\/yoast.com\/wordpress\/plugins\/seo\/ -->\n<title>Presentaci\u00f3n del libro \u201cLa Gestaci\u00f3n Cultural, el Env\u00e9s de la Econom\u00eda Naranja\u201d - Canal Universitario \/ Universidad del Valle \/ Cali, Colombia<\/title>\n<meta name=\"robots\" content=\"index, follow, max-snippet:-1, max-image-preview:large, max-video-preview:-1\" \/>\n<link rel=\"canonical\" href=\"https:\/\/canal.univalle.edu.co\/index.php\/presentacion-del-libro-la-gestacion-cultural-enves-la-economia-naranja\/\" \/>\n<meta property=\"og:locale\" content=\"es_ES\" \/>\n<meta property=\"og:type\" content=\"article\" \/>\n<meta property=\"og:title\" content=\"Presentaci\u00f3n del libro \u201cLa Gestaci\u00f3n Cultural, el Env\u00e9s de la Econom\u00eda Naranja\u201d - Canal Universitario \/ Universidad del Valle \/ Cali, Colombia\" \/>\n<meta property=\"og:description\" content=\"Agencia de Noticias Univalle La Escuela de Comunicaci\u00f3n Social de la Universidad del Valle invita a la presentaci\u00f3n virtual del libro \u201cLa Gestaci\u00f3n cultural, el env\u00e9s de la econom\u00eda naranja\u201d. Esta actividad se realizar\u00e1 el pr\u00f3ximo lunes 14 septiembre, a partir de las 9:00 am a trav\u00e9s del siguiente enlace\u00a0https:\/\/meet.google.com\/kxp-kycd-iqb[...]\" \/>\n<meta property=\"og:url\" content=\"https:\/\/canal.univalle.edu.co\/index.php\/presentacion-del-libro-la-gestacion-cultural-enves-la-economia-naranja\/\" \/>\n<meta property=\"og:site_name\" content=\"Canal Universitario \/ Universidad del Valle \/ Cali, Colombia\" \/>\n<meta property=\"article:published_time\" content=\"2020-09-14T17:49:51+00:00\" \/>\n<meta property=\"og:image\" content=\"https:\/\/canal.univalle.edu.co\/wp-content\/uploads\/2020\/09\/d30f619a1fa039071aaa127b2d26d33d_M.jpg\" \/>\n\t<meta property=\"og:image:width\" content=\"400\" \/>\n\t<meta property=\"og:image:height\" content=\"619\" \/>\n\t<meta property=\"og:image:type\" content=\"image\/jpeg\" \/>\n<meta name=\"author\" content=\"admin\" \/>\n<meta name=\"twitter:label1\" content=\"Escrito por\" \/>\n\t<meta name=\"twitter:data1\" content=\"admin\" \/>\n\t<meta name=\"twitter:label2\" content=\"Tiempo de lectura\" \/>\n\t<meta name=\"twitter:data2\" content=\"1 minuto\" \/>\n<script type=\"application\/ld+json\" class=\"yoast-schema-graph\">{\"@context\":\"https:\/\/schema.org\",\"@graph\":[{\"@type\":\"WebPage\",\"@id\":\"https:\/\/canal.univalle.edu.co\/index.php\/presentacion-del-libro-la-gestacion-cultural-enves-la-economia-naranja\/\",\"url\":\"https:\/\/canal.univalle.edu.co\/index.php\/presentacion-del-libro-la-gestacion-cultural-enves-la-economia-naranja\/\",\"name\":\"Presentaci\u00f3n del libro \u201cLa Gestaci\u00f3n Cultural, el Env\u00e9s de la Econom\u00eda Naranja\u201d - Canal Universitario \/ Universidad del Valle \/ Cali, Colombia\",\"isPartOf\":{\"@id\":\"https:\/\/canal.univalle.edu.co\/#website\"},\"primaryImageOfPage\":{\"@id\":\"https:\/\/canal.univalle.edu.co\/index.php\/presentacion-del-libro-la-gestacion-cultural-enves-la-economia-naranja\/#primaryimage\"},\"image\":{\"@id\":\"https:\/\/canal.univalle.edu.co\/index.php\/presentacion-del-libro-la-gestacion-cultural-enves-la-economia-naranja\/#primaryimage\"},\"thumbnailUrl\":\"https:\/\/canal.univalle.edu.co\/wp-content\/uploads\/2020\/09\/d30f619a1fa039071aaa127b2d26d33d_M.jpg\",\"datePublished\":\"2020-09-14T17:49:51+00:00\",\"dateModified\":\"2020-09-14T17:49:51+00:00\",\"author\":{\"@id\":\"https:\/\/canal.univalle.edu.co\/#\/schema\/person\/fdb5cfa956cbb247f92e3dcdf4a14750\"},\"breadcrumb\":{\"@id\":\"https:\/\/canal.univalle.edu.co\/index.php\/presentacion-del-libro-la-gestacion-cultural-enves-la-economia-naranja\/#breadcrumb\"},\"inLanguage\":\"es\",\"potentialAction\":[{\"@type\":\"ReadAction\",\"target\":[\"https:\/\/canal.univalle.edu.co\/index.php\/presentacion-del-libro-la-gestacion-cultural-enves-la-economia-naranja\/\"]}]},{\"@type\":\"ImageObject\",\"inLanguage\":\"es\",\"@id\":\"https:\/\/canal.univalle.edu.co\/index.php\/presentacion-del-libro-la-gestacion-cultural-enves-la-economia-naranja\/#primaryimage\",\"url\":\"https:\/\/canal.univalle.edu.co\/wp-content\/uploads\/2020\/09\/d30f619a1fa039071aaa127b2d26d33d_M.jpg\",\"contentUrl\":\"https:\/\/canal.univalle.edu.co\/wp-content\/uploads\/2020\/09\/d30f619a1fa039071aaa127b2d26d33d_M.jpg\",\"width\":400,\"height\":619},{\"@type\":\"BreadcrumbList\",\"@id\":\"https:\/\/canal.univalle.edu.co\/index.php\/presentacion-del-libro-la-gestacion-cultural-enves-la-economia-naranja\/#breadcrumb\",\"itemListElement\":[{\"@type\":\"ListItem\",\"position\":1,\"name\":\"Portada\",\"item\":\"https:\/\/canal.univalle.edu.co\/\"},{\"@type\":\"ListItem\",\"position\":2,\"name\":\"Presentaci\u00f3n del libro \u201cLa Gestaci\u00f3n Cultural, el Env\u00e9s de la Econom\u00eda Naranja\u201d\"}]},{\"@type\":\"WebSite\",\"@id\":\"https:\/\/canal.univalle.edu.co\/#website\",\"url\":\"https:\/\/canal.univalle.edu.co\/\",\"name\":\"Canal Universitario \/ Universidad del Valle \/ Cali, Colombia\",\"description\":\"Canal de la Universidad del Valle\",\"potentialAction\":[{\"@type\":\"SearchAction\",\"target\":{\"@type\":\"EntryPoint\",\"urlTemplate\":\"https:\/\/canal.univalle.edu.co\/?s={search_term_string}\"},\"query-input\":\"required name=search_term_string\"}],\"inLanguage\":\"es\"},{\"@type\":\"Person\",\"@id\":\"https:\/\/canal.univalle.edu.co\/#\/schema\/person\/fdb5cfa956cbb247f92e3dcdf4a14750\",\"name\":\"admin\",\"image\":{\"@type\":\"ImageObject\",\"inLanguage\":\"es\",\"@id\":\"https:\/\/canal.univalle.edu.co\/#\/schema\/person\/image\/\",\"url\":\"https:\/\/secure.gravatar.com\/avatar\/ff32245ed1c79b42b1478f4395c36c6d?s=96&d=monsterid&r=g\",\"contentUrl\":\"https:\/\/secure.gravatar.com\/avatar\/ff32245ed1c79b42b1478f4395c36c6d?s=96&d=monsterid&r=g\",\"caption\":\"admin\"},\"url\":\"https:\/\/canal.univalle.edu.co\/index.php\/author\/admin\/\"}]}<\/script>\n<!-- \/ Yoast SEO plugin. -->","yoast_head_json":{"title":"Presentaci\u00f3n del libro \u201cLa Gestaci\u00f3n Cultural, el Env\u00e9s de la Econom\u00eda Naranja\u201d - Canal Universitario \/ Universidad del Valle \/ Cali, Colombia","robots":{"index":"index","follow":"follow","max-snippet":"max-snippet:-1","max-image-preview":"max-image-preview:large","max-video-preview":"max-video-preview:-1"},"canonical":"https:\/\/canal.univalle.edu.co\/index.php\/presentacion-del-libro-la-gestacion-cultural-enves-la-economia-naranja\/","og_locale":"es_ES","og_type":"article","og_title":"Presentaci\u00f3n del libro \u201cLa Gestaci\u00f3n Cultural, el Env\u00e9s de la Econom\u00eda Naranja\u201d - Canal Universitario \/ Universidad del Valle \/ Cali, Colombia","og_description":"Agencia de Noticias Univalle La Escuela de Comunicaci\u00f3n Social de la Universidad del Valle invita a la presentaci\u00f3n virtual del libro \u201cLa Gestaci\u00f3n cultural, el env\u00e9s de la econom\u00eda naranja\u201d. Esta actividad se realizar\u00e1 el pr\u00f3ximo lunes 14 septiembre, a partir de las 9:00 am a trav\u00e9s del siguiente enlace\u00a0https:\/\/meet.google.com\/kxp-kycd-iqb[...]","og_url":"https:\/\/canal.univalle.edu.co\/index.php\/presentacion-del-libro-la-gestacion-cultural-enves-la-economia-naranja\/","og_site_name":"Canal Universitario \/ Universidad del Valle \/ Cali, Colombia","article_published_time":"2020-09-14T17:49:51+00:00","og_image":[{"width":400,"height":619,"url":"https:\/\/canal.univalle.edu.co\/wp-content\/uploads\/2020\/09\/d30f619a1fa039071aaa127b2d26d33d_M.jpg","type":"image\/jpeg"}],"author":"admin","twitter_misc":{"Escrito por":"admin","Tiempo de lectura":"1 minuto"},"schema":{"@context":"https:\/\/schema.org","@graph":[{"@type":"WebPage","@id":"https:\/\/canal.univalle.edu.co\/index.php\/presentacion-del-libro-la-gestacion-cultural-enves-la-economia-naranja\/","url":"https:\/\/canal.univalle.edu.co\/index.php\/presentacion-del-libro-la-gestacion-cultural-enves-la-economia-naranja\/","name":"Presentaci\u00f3n del libro \u201cLa Gestaci\u00f3n Cultural, el Env\u00e9s de la Econom\u00eda Naranja\u201d - Canal Universitario \/ Universidad del Valle \/ Cali, Colombia","isPartOf":{"@id":"https:\/\/canal.univalle.edu.co\/#website"},"primaryImageOfPage":{"@id":"https:\/\/canal.univalle.edu.co\/index.php\/presentacion-del-libro-la-gestacion-cultural-enves-la-economia-naranja\/#primaryimage"},"image":{"@id":"https:\/\/canal.univalle.edu.co\/index.php\/presentacion-del-libro-la-gestacion-cultural-enves-la-economia-naranja\/#primaryimage"},"thumbnailUrl":"https:\/\/canal.univalle.edu.co\/wp-content\/uploads\/2020\/09\/d30f619a1fa039071aaa127b2d26d33d_M.jpg","datePublished":"2020-09-14T17:49:51+00:00","dateModified":"2020-09-14T17:49:51+00:00","author":{"@id":"https:\/\/canal.univalle.edu.co\/#\/schema\/person\/fdb5cfa956cbb247f92e3dcdf4a14750"},"breadcrumb":{"@id":"https:\/\/canal.univalle.edu.co\/index.php\/presentacion-del-libro-la-gestacion-cultural-enves-la-economia-naranja\/#breadcrumb"},"inLanguage":"es","potentialAction":[{"@type":"ReadAction","target":["https:\/\/canal.univalle.edu.co\/index.php\/presentacion-del-libro-la-gestacion-cultural-enves-la-economia-naranja\/"]}]},{"@type":"ImageObject","inLanguage":"es","@id":"https:\/\/canal.univalle.edu.co\/index.php\/presentacion-del-libro-la-gestacion-cultural-enves-la-economia-naranja\/#primaryimage","url":"https:\/\/canal.univalle.edu.co\/wp-content\/uploads\/2020\/09\/d30f619a1fa039071aaa127b2d26d33d_M.jpg","contentUrl":"https:\/\/canal.univalle.edu.co\/wp-content\/uploads\/2020\/09\/d30f619a1fa039071aaa127b2d26d33d_M.jpg","width":400,"height":619},{"@type":"BreadcrumbList","@id":"https:\/\/canal.univalle.edu.co\/index.php\/presentacion-del-libro-la-gestacion-cultural-enves-la-economia-naranja\/#breadcrumb","itemListElement":[{"@type":"ListItem","position":1,"name":"Portada","item":"https:\/\/canal.univalle.edu.co\/"},{"@type":"ListItem","position":2,"name":"Presentaci\u00f3n del libro \u201cLa Gestaci\u00f3n Cultural, el Env\u00e9s de la Econom\u00eda Naranja\u201d"}]},{"@type":"WebSite","@id":"https:\/\/canal.univalle.edu.co\/#website","url":"https:\/\/canal.univalle.edu.co\/","name":"Canal Universitario \/ Universidad del Valle \/ Cali, Colombia","description":"Canal de la Universidad del Valle","potentialAction":[{"@type":"SearchAction","target":{"@type":"EntryPoint","urlTemplate":"https:\/\/canal.univalle.edu.co\/?s={search_term_string}"},"query-input":"required name=search_term_string"}],"inLanguage":"es"},{"@type":"Person","@id":"https:\/\/canal.univalle.edu.co\/#\/schema\/person\/fdb5cfa956cbb247f92e3dcdf4a14750","name":"admin","image":{"@type":"ImageObject","inLanguage":"es","@id":"https:\/\/canal.univalle.edu.co\/#\/schema\/person\/image\/","url":"https:\/\/secure.gravatar.com\/avatar\/ff32245ed1c79b42b1478f4395c36c6d?s=96&d=monsterid&r=g","contentUrl":"https:\/\/secure.gravatar.com\/avatar\/ff32245ed1c79b42b1478f4395c36c6d?s=96&d=monsterid&r=g","caption":"admin"},"url":"https:\/\/canal.univalle.edu.co\/index.php\/author\/admin\/"}]}},"_links":{"self":[{"href":"https:\/\/canal.univalle.edu.co\/index.php\/wp-json\/wp\/v2\/posts\/7123"}],"collection":[{"href":"https:\/\/canal.univalle.edu.co\/index.php\/wp-json\/wp\/v2\/posts"}],"about":[{"href":"https:\/\/canal.univalle.edu.co\/index.php\/wp-json\/wp\/v2\/types\/post"}],"author":[{"embeddable":true,"href":"https:\/\/canal.univalle.edu.co\/index.php\/wp-json\/wp\/v2\/users\/1"}],"replies":[{"embeddable":true,"href":"https:\/\/canal.univalle.edu.co\/index.php\/wp-json\/wp\/v2\/comments?post=7123"}],"version-history":[{"count":1,"href":"https:\/\/canal.univalle.edu.co\/index.php\/wp-json\/wp\/v2\/posts\/7123\/revisions"}],"predecessor-version":[{"id":7125,"href":"https:\/\/canal.univalle.edu.co\/index.php\/wp-json\/wp\/v2\/posts\/7123\/revisions\/7125"}],"wp:featuredmedia":[{"embeddable":true,"href":"https:\/\/canal.univalle.edu.co\/index.php\/wp-json\/wp\/v2\/media\/7124"}],"wp:attachment":[{"href":"https:\/\/canal.univalle.edu.co\/index.php\/wp-json\/wp\/v2\/media?parent=7123"}],"wp:term":[{"taxonomy":"category","embeddable":true,"href":"https:\/\/canal.univalle.edu.co\/index.php\/wp-json\/wp\/v2\/categories?post=7123"},{"taxonomy":"post_tag","embeddable":true,"href":"https:\/\/canal.univalle.edu.co\/index.php\/wp-json\/wp\/v2\/tags?post=7123"}],"curies":[{"name":"wp","href":"https:\/\/api.w.org\/{rel}","templated":true}]}}