








{"id":6991,"date":"2020-06-22T12:14:53","date_gmt":"2020-06-22T17:14:53","guid":{"rendered":"http:\/\/canal.univalle.edu.co\/?p=6991"},"modified":"2020-06-22T12:14:53","modified_gmt":"2020-06-22T17:14:53","slug":"rector-ratifica-esfuerzos-todos-los-estudiantes-se-matriculen","status":"publish","type":"post","link":"https:\/\/canal.univalle.edu.co\/index.php\/rector-ratifica-esfuerzos-todos-los-estudiantes-se-matriculen\/","title":{"rendered":"Rector ratifica esfuerzos para que todos los estudiantes se matriculen"},"content":{"rendered":"<p>Frente a las protestas de algunos estudiantes que piden gratuidad en la matr\u00edcula de este semestre, el rector Edgar Varela Barrios ratific\u00f3 que ning\u00fan estudiante de la Universidad se quedar\u00e1 por fuera de las aulas durante el pr\u00f3ximo semestre por falta de recursos econ\u00f3micos.<\/p>\n<p style=\"text-align: center;\"><iframe loading=\"lazy\" src=\"https:\/\/www.youtube.com\/embed\/OCl4m0fOf_8\" width=\"560\" height=\"315\" frameborder=\"0\" allowfullscreen=\"allowfullscreen\"><\/iframe><\/p>\n","protected":false},"excerpt":{"rendered":"<p>Frente a las protestas de algunos estudiantes que piden gratuidad en la matr\u00edcula de este semestre, el rector Edgar Varela Barrios ratific\u00f3 que ning\u00fan estudiante de la Universidad se quedar\u00e1 por fuera de las aulas durante el pr\u00f3ximo semestre por falta de recursos econ\u00f3micos.<\/p>\n","protected":false},"author":1,"featured_media":6992,"comment_status":"open","ping_status":"open","sticky":false,"template":"","format":"standard","meta":{"footnotes":""},"categories":[4],"tags":[],"yoast_head":"<!-- This site is optimized with the Yoast SEO plugin v22.2 - https:\/\/yoast.com\/wordpress\/plugins\/seo\/ -->\n<title>Rector ratifica esfuerzos para que todos los estudiantes se matriculen - Canal Universitario \/ Universidad del Valle \/ Cali, Colombia<\/title>\n<meta name=\"robots\" content=\"index, follow, max-snippet:-1, max-image-preview:large, max-video-preview:-1\" \/>\n<link rel=\"canonical\" href=\"https:\/\/canal.univalle.edu.co\/index.php\/rector-ratifica-esfuerzos-todos-los-estudiantes-se-matriculen\/\" \/>\n<meta property=\"og:locale\" content=\"es_ES\" \/>\n<meta property=\"og:type\" content=\"article\" \/>\n<meta property=\"og:title\" content=\"Rector ratifica esfuerzos para que todos los estudiantes se matriculen - Canal Universitario \/ Universidad del Valle \/ Cali, Colombia\" \/>\n<meta property=\"og:description\" content=\"Frente a las protestas de algunos estudiantes que piden gratuidad en la matr\u00edcula de este semestre, el rector Edgar Varela Barrios ratific\u00f3 que ning\u00fan estudiante de la Universidad se quedar\u00e1 por fuera de las aulas durante el pr\u00f3ximo semestre por falta de recursos econ\u00f3micos.\" \/>\n<meta property=\"og:url\" content=\"https:\/\/canal.univalle.edu.co\/index.php\/rector-ratifica-esfuerzos-todos-los-estudiantes-se-matriculen\/\" \/>\n<meta property=\"og:site_name\" content=\"Canal Universitario \/ Universidad del Valle \/ Cali, Colombia\" \/>\n<meta property=\"article:published_time\" content=\"2020-06-22T17:14:53+00:00\" \/>\n<meta property=\"og:image\" content=\"https:\/\/canal.univalle.edu.co\/wp-content\/uploads\/2020\/06\/333cccccccdfw.jpg\" \/>\n\t<meta property=\"og:image:width\" content=\"607\" \/>\n\t<meta property=\"og:image:height\" content=\"449\" \/>\n\t<meta property=\"og:image:type\" content=\"image\/jpeg\" \/>\n<meta name=\"author\" content=\"admin\" \/>\n<meta name=\"twitter:label1\" content=\"Escrito por\" \/>\n\t<meta name=\"twitter:data1\" content=\"admin\" \/>\n<script type=\"application\/ld+json\" class=\"yoast-schema-graph\">{\"@context\":\"https:\/\/schema.org\",\"@graph\":[{\"@type\":\"WebPage\",\"@id\":\"https:\/\/canal.univalle.edu.co\/index.php\/rector-ratifica-esfuerzos-todos-los-estudiantes-se-matriculen\/\",\"url\":\"https:\/\/canal.univalle.edu.co\/index.php\/rector-ratifica-esfuerzos-todos-los-estudiantes-se-matriculen\/\",\"name\":\"Rector ratifica esfuerzos para que todos los estudiantes se matriculen - Canal Universitario \/ Universidad del Valle \/ Cali, Colombia\",\"isPartOf\":{\"@id\":\"https:\/\/canal.univalle.edu.co\/#website\"},\"primaryImageOfPage\":{\"@id\":\"https:\/\/canal.univalle.edu.co\/index.php\/rector-ratifica-esfuerzos-todos-los-estudiantes-se-matriculen\/#primaryimage\"},\"image\":{\"@id\":\"https:\/\/canal.univalle.edu.co\/index.php\/rector-ratifica-esfuerzos-todos-los-estudiantes-se-matriculen\/#primaryimage\"},\"thumbnailUrl\":\"https:\/\/canal.univalle.edu.co\/wp-content\/uploads\/2020\/06\/333cccccccdfw.jpg\",\"datePublished\":\"2020-06-22T17:14:53+00:00\",\"dateModified\":\"2020-06-22T17:14:53+00:00\",\"author\":{\"@id\":\"https:\/\/canal.univalle.edu.co\/#\/schema\/person\/fdb5cfa956cbb247f92e3dcdf4a14750\"},\"breadcrumb\":{\"@id\":\"https:\/\/canal.univalle.edu.co\/index.php\/rector-ratifica-esfuerzos-todos-los-estudiantes-se-matriculen\/#breadcrumb\"},\"inLanguage\":\"es\",\"potentialAction\":[{\"@type\":\"ReadAction\",\"target\":[\"https:\/\/canal.univalle.edu.co\/index.php\/rector-ratifica-esfuerzos-todos-los-estudiantes-se-matriculen\/\"]}]},{\"@type\":\"ImageObject\",\"inLanguage\":\"es\",\"@id\":\"https:\/\/canal.univalle.edu.co\/index.php\/rector-ratifica-esfuerzos-todos-los-estudiantes-se-matriculen\/#primaryimage\",\"url\":\"https:\/\/canal.univalle.edu.co\/wp-content\/uploads\/2020\/06\/333cccccccdfw.jpg\",\"contentUrl\":\"https:\/\/canal.univalle.edu.co\/wp-content\/uploads\/2020\/06\/333cccccccdfw.jpg\",\"width\":607,\"height\":449},{\"@type\":\"BreadcrumbList\",\"@id\":\"https:\/\/canal.univalle.edu.co\/index.php\/rector-ratifica-esfuerzos-todos-los-estudiantes-se-matriculen\/#breadcrumb\",\"itemListElement\":[{\"@type\":\"ListItem\",\"position\":1,\"name\":\"Portada\",\"item\":\"https:\/\/canal.univalle.edu.co\/\"},{\"@type\":\"ListItem\",\"position\":2,\"name\":\"Rector ratifica esfuerzos para que todos los estudiantes se matriculen\"}]},{\"@type\":\"WebSite\",\"@id\":\"https:\/\/canal.univalle.edu.co\/#website\",\"url\":\"https:\/\/canal.univalle.edu.co\/\",\"name\":\"Canal Universitario \/ Universidad del Valle \/ Cali, Colombia\",\"description\":\"Canal de la Universidad del Valle\",\"potentialAction\":[{\"@type\":\"SearchAction\",\"target\":{\"@type\":\"EntryPoint\",\"urlTemplate\":\"https:\/\/canal.univalle.edu.co\/?s={search_term_string}\"},\"query-input\":\"required name=search_term_string\"}],\"inLanguage\":\"es\"},{\"@type\":\"Person\",\"@id\":\"https:\/\/canal.univalle.edu.co\/#\/schema\/person\/fdb5cfa956cbb247f92e3dcdf4a14750\",\"name\":\"admin\",\"image\":{\"@type\":\"ImageObject\",\"inLanguage\":\"es\",\"@id\":\"https:\/\/canal.univalle.edu.co\/#\/schema\/person\/image\/\",\"url\":\"https:\/\/secure.gravatar.com\/avatar\/ff32245ed1c79b42b1478f4395c36c6d?s=96&d=monsterid&r=g\",\"contentUrl\":\"https:\/\/secure.gravatar.com\/avatar\/ff32245ed1c79b42b1478f4395c36c6d?s=96&d=monsterid&r=g\",\"caption\":\"admin\"},\"url\":\"https:\/\/canal.univalle.edu.co\/index.php\/author\/admin\/\"}]}<\/script>\n<!-- \/ Yoast SEO plugin. -->","yoast_head_json":{"title":"Rector ratifica esfuerzos para que todos los estudiantes se matriculen - Canal Universitario \/ Universidad del Valle \/ Cali, Colombia","robots":{"index":"index","follow":"follow","max-snippet":"max-snippet:-1","max-image-preview":"max-image-preview:large","max-video-preview":"max-video-preview:-1"},"canonical":"https:\/\/canal.univalle.edu.co\/index.php\/rector-ratifica-esfuerzos-todos-los-estudiantes-se-matriculen\/","og_locale":"es_ES","og_type":"article","og_title":"Rector ratifica esfuerzos para que todos los estudiantes se matriculen - Canal Universitario \/ Universidad del Valle \/ Cali, Colombia","og_description":"Frente a las protestas de algunos estudiantes que piden gratuidad en la matr\u00edcula de este semestre, el rector Edgar Varela Barrios ratific\u00f3 que ning\u00fan estudiante de la Universidad se quedar\u00e1 por fuera de las aulas durante el pr\u00f3ximo semestre por falta de recursos econ\u00f3micos.","og_url":"https:\/\/canal.univalle.edu.co\/index.php\/rector-ratifica-esfuerzos-todos-los-estudiantes-se-matriculen\/","og_site_name":"Canal Universitario \/ Universidad del Valle \/ Cali, Colombia","article_published_time":"2020-06-22T17:14:53+00:00","og_image":[{"width":607,"height":449,"url":"https:\/\/canal.univalle.edu.co\/wp-content\/uploads\/2020\/06\/333cccccccdfw.jpg","type":"image\/jpeg"}],"author":"admin","twitter_misc":{"Escrito por":"admin"},"schema":{"@context":"https:\/\/schema.org","@graph":[{"@type":"WebPage","@id":"https:\/\/canal.univalle.edu.co\/index.php\/rector-ratifica-esfuerzos-todos-los-estudiantes-se-matriculen\/","url":"https:\/\/canal.univalle.edu.co\/index.php\/rector-ratifica-esfuerzos-todos-los-estudiantes-se-matriculen\/","name":"Rector ratifica esfuerzos para que todos los estudiantes se matriculen - Canal Universitario \/ Universidad del Valle \/ Cali, Colombia","isPartOf":{"@id":"https:\/\/canal.univalle.edu.co\/#website"},"primaryImageOfPage":{"@id":"https:\/\/canal.univalle.edu.co\/index.php\/rector-ratifica-esfuerzos-todos-los-estudiantes-se-matriculen\/#primaryimage"},"image":{"@id":"https:\/\/canal.univalle.edu.co\/index.php\/rector-ratifica-esfuerzos-todos-los-estudiantes-se-matriculen\/#primaryimage"},"thumbnailUrl":"https:\/\/canal.univalle.edu.co\/wp-content\/uploads\/2020\/06\/333cccccccdfw.jpg","datePublished":"2020-06-22T17:14:53+00:00","dateModified":"2020-06-22T17:14:53+00:00","author":{"@id":"https:\/\/canal.univalle.edu.co\/#\/schema\/person\/fdb5cfa956cbb247f92e3dcdf4a14750"},"breadcrumb":{"@id":"https:\/\/canal.univalle.edu.co\/index.php\/rector-ratifica-esfuerzos-todos-los-estudiantes-se-matriculen\/#breadcrumb"},"inLanguage":"es","potentialAction":[{"@type":"ReadAction","target":["https:\/\/canal.univalle.edu.co\/index.php\/rector-ratifica-esfuerzos-todos-los-estudiantes-se-matriculen\/"]}]},{"@type":"ImageObject","inLanguage":"es","@id":"https:\/\/canal.univalle.edu.co\/index.php\/rector-ratifica-esfuerzos-todos-los-estudiantes-se-matriculen\/#primaryimage","url":"https:\/\/canal.univalle.edu.co\/wp-content\/uploads\/2020\/06\/333cccccccdfw.jpg","contentUrl":"https:\/\/canal.univalle.edu.co\/wp-content\/uploads\/2020\/06\/333cccccccdfw.jpg","width":607,"height":449},{"@type":"BreadcrumbList","@id":"https:\/\/canal.univalle.edu.co\/index.php\/rector-ratifica-esfuerzos-todos-los-estudiantes-se-matriculen\/#breadcrumb","itemListElement":[{"@type":"ListItem","position":1,"name":"Portada","item":"https:\/\/canal.univalle.edu.co\/"},{"@type":"ListItem","position":2,"name":"Rector ratifica esfuerzos para que todos los estudiantes se matriculen"}]},{"@type":"WebSite","@id":"https:\/\/canal.univalle.edu.co\/#website","url":"https:\/\/canal.univalle.edu.co\/","name":"Canal Universitario \/ Universidad del Valle \/ Cali, Colombia","description":"Canal de la Universidad del Valle","potentialAction":[{"@type":"SearchAction","target":{"@type":"EntryPoint","urlTemplate":"https:\/\/canal.univalle.edu.co\/?s={search_term_string}"},"query-input":"required name=search_term_string"}],"inLanguage":"es"},{"@type":"Person","@id":"https:\/\/canal.univalle.edu.co\/#\/schema\/person\/fdb5cfa956cbb247f92e3dcdf4a14750","name":"admin","image":{"@type":"ImageObject","inLanguage":"es","@id":"https:\/\/canal.univalle.edu.co\/#\/schema\/person\/image\/","url":"https:\/\/secure.gravatar.com\/avatar\/ff32245ed1c79b42b1478f4395c36c6d?s=96&d=monsterid&r=g","contentUrl":"https:\/\/secure.gravatar.com\/avatar\/ff32245ed1c79b42b1478f4395c36c6d?s=96&d=monsterid&r=g","caption":"admin"},"url":"https:\/\/canal.univalle.edu.co\/index.php\/author\/admin\/"}]}},"_links":{"self":[{"href":"https:\/\/canal.univalle.edu.co\/index.php\/wp-json\/wp\/v2\/posts\/6991"}],"collection":[{"href":"https:\/\/canal.univalle.edu.co\/index.php\/wp-json\/wp\/v2\/posts"}],"about":[{"href":"https:\/\/canal.univalle.edu.co\/index.php\/wp-json\/wp\/v2\/types\/post"}],"author":[{"embeddable":true,"href":"https:\/\/canal.univalle.edu.co\/index.php\/wp-json\/wp\/v2\/users\/1"}],"replies":[{"embeddable":true,"href":"https:\/\/canal.univalle.edu.co\/index.php\/wp-json\/wp\/v2\/comments?post=6991"}],"version-history":[{"count":1,"href":"https:\/\/canal.univalle.edu.co\/index.php\/wp-json\/wp\/v2\/posts\/6991\/revisions"}],"predecessor-version":[{"id":6993,"href":"https:\/\/canal.univalle.edu.co\/index.php\/wp-json\/wp\/v2\/posts\/6991\/revisions\/6993"}],"wp:featuredmedia":[{"embeddable":true,"href":"https:\/\/canal.univalle.edu.co\/index.php\/wp-json\/wp\/v2\/media\/6992"}],"wp:attachment":[{"href":"https:\/\/canal.univalle.edu.co\/index.php\/wp-json\/wp\/v2\/media?parent=6991"}],"wp:term":[{"taxonomy":"category","embeddable":true,"href":"https:\/\/canal.univalle.edu.co\/index.php\/wp-json\/wp\/v2\/categories?post=6991"},{"taxonomy":"post_tag","embeddable":true,"href":"https:\/\/canal.univalle.edu.co\/index.php\/wp-json\/wp\/v2\/tags?post=6991"}],"curies":[{"name":"wp","href":"https:\/\/api.w.org\/{rel}","templated":true}]}}