








{"id":3230,"date":"2015-11-17T10:29:47","date_gmt":"2015-11-17T15:29:47","guid":{"rendered":"http:\/\/canal.univalle.edu.co\/?p=3230"},"modified":"2015-11-17T10:29:47","modified_gmt":"2015-11-17T15:29:47","slug":"vias-principales-de-cali-tendran-nueva-demarcacion-y-senalizacion","status":"publish","type":"post","link":"https:\/\/canal.univalle.edu.co\/index.php\/vias-principales-de-cali-tendran-nueva-demarcacion-y-senalizacion\/","title":{"rendered":"V\u00cdAS PRINCIPALES DE CALI TENDR\u00c1N NUEVA DEMARCACI\u00d3N Y SE\u00d1ALIZACI\u00d3N"},"content":{"rendered":"<p style=\"color: #222222;\"><span style=\"font-size: 12pt; font-family: arial, helvetica, sans-serif;\">La demarcaci\u00f3n de v\u00edas y la instalaci\u00f3n de nuevas se\u00f1ales de tr\u00e1nsito, que cumplen con los requerimientos del nuevo Manual de Se\u00f1alizaci\u00f3n expedido por el Ministerio de Transporte, iniciar\u00e1 en diez d\u00edas.<\/span><\/p>\n<p style=\"color: #222222;\"><span style=\"font-size: 12pt; font-family: arial, helvetica, sans-serif;\"><strong>As\u00ed lo asegur\u00f3 el secretario de Tr\u00e1nsito, Alberto Hadad, quien indic\u00f3 que este plan de se\u00f1alizaci\u00f3n corresponde al estructurado con los recursos de las utilidades del 2014 del Centro de Diagn\u00f3stico Automotor del Valle, que suman $7000 millones.<\/strong><\/span><\/p>\n<p style=\"color: #222222;\"><span style=\"font-size: 12pt; font-family: arial, helvetica, sans-serif;\">Esta se\u00f1alizaci\u00f3n se har\u00e1 en corredores de alto tr\u00e1fico, como la avenidas Ciudad de Cali y Circunvalar y la Autopista Sim\u00f3n Bol\u00edvar. Pero tambi\u00e9n se extender\u00e1 a otras calles como la Autopista Sur, debido a que son 45 kil\u00f3metros los que ser\u00e1n demarcados.<\/span><\/p>\n<p style=\"color: #222222;\"><span style=\"font-size: 12pt; font-family: arial, helvetica, sans-serif;\">Adem\u00e1s de la pintura de piso, se pondr\u00e1n las se\u00f1ales verticales (como pares, giros e indicadores de velocidad). El cambio de la se\u00f1al\u00e9tica vial durar\u00e1 tres meses.\u00a0<\/span><\/p>\n<p style=\"color: #222222;\"><span style=\"font-size: 12pt; font-family: arial, helvetica, sans-serif;\">La se\u00f1ales verticales ser\u00e1n tipo diamante, que permite que la luz de los veh\u00edculos se refracte y se puedan ver mejor. La pintura de la demarcaci\u00f3n ser\u00e1 termoac\u00fastica, de mayor durabilidad y sensible al contacto de las llantas de los veh\u00edculos.<\/span><\/p>\n<h4 style=\"font-weight: 500; color: #222222;\"><span style=\"font-size: 12pt; font-family: arial, helvetica, sans-serif;\"><strong>En otros sectores<\/strong><\/span><\/h4>\n<p style=\"color: #222222;\"><span style=\"font-size: 12pt; font-family: arial, helvetica, sans-serif;\">Hadad explic\u00f3 que adem\u00e1s se est\u00e1 realizando la se\u00f1alizaci\u00f3n de otros sectores de la ciudad, como las avenidas Sexta, Novena y 3N. \u201cTrabajan diez cuadrillas pintando la ciudad\u201d, dijo.<\/span><\/p>\n<p style=\"color: #222222;\"><span style=\"font-size: 12pt; font-family: arial, helvetica, sans-serif;\"><strong>\u00a0Tambi\u00e9n se van a instalar paneles informativos en cinco entradas a la ciudad (Sameco de Yumbo, Palmira, Portada al Mar, Jamund\u00ed y Candelaria), que estar\u00e1n conectados con el Centro de Control del Tr\u00e1nsito e informar\u00e1n aspectos como el tr\u00e1fico.<\/strong><\/span><\/p>\n<p style=\"color: #222222;\"><span style=\"font-size: 12pt; font-family: arial, helvetica, sans-serif;\">Ciudadanos como Jos\u00e9 Polo dijeron que se necesita se\u00f1alizaci\u00f3n en cruces peligrosos como la Carrera 99 con Calle 42, en Valle del Lili<\/span><\/p>\n<p style=\"color: #222222;\"><span style=\"font-size: 12pt; font-family: arial, helvetica, sans-serif;\">Rafael G\u00f3mez, ingeniero de transporte, dice que la ciudad tiene un rezago importante y que la inversi\u00f3n en este tema es urgente.<\/span><\/p>\n<p style=\"color: #222222;\"><span style=\"font-size: 12pt; font-family: arial, helvetica, sans-serif;\">Tomado de: EL PA\u00cdS.<\/span><\/p>\n","protected":false},"excerpt":{"rendered":"<p>La demarcaci\u00f3n de v\u00edas y la instalaci\u00f3n de nuevas se\u00f1ales de tr\u00e1nsito, que cumplen con los requerimientos del nuevo Manual de Se\u00f1alizaci\u00f3n expedido por el Ministerio de Transporte, iniciar\u00e1 en diez d\u00edas. As\u00ed lo asegur\u00f3 el secretario de Tr\u00e1nsito, Alberto Hadad, quien indic\u00f3 que este plan de se\u00f1alizaci\u00f3n corresponde al[&#8230;]<\/p>\n","protected":false},"author":1,"featured_media":2372,"comment_status":"open","ping_status":"open","sticky":false,"template":"","format":"standard","meta":{"footnotes":""},"categories":[4],"tags":[],"yoast_head":"<!-- This site is optimized with the Yoast SEO plugin v22.2 - https:\/\/yoast.com\/wordpress\/plugins\/seo\/ -->\n<title>V\u00cdAS PRINCIPALES DE CALI TENDR\u00c1N NUEVA DEMARCACI\u00d3N Y SE\u00d1ALIZACI\u00d3N - Canal Universitario \/ Universidad del Valle \/ Cali, Colombia<\/title>\n<meta name=\"robots\" content=\"index, follow, max-snippet:-1, max-image-preview:large, max-video-preview:-1\" \/>\n<link rel=\"canonical\" href=\"https:\/\/canal.univalle.edu.co\/index.php\/vias-principales-de-cali-tendran-nueva-demarcacion-y-senalizacion\/\" \/>\n<meta property=\"og:locale\" content=\"es_ES\" \/>\n<meta property=\"og:type\" content=\"article\" \/>\n<meta property=\"og:title\" content=\"V\u00cdAS PRINCIPALES DE CALI TENDR\u00c1N NUEVA DEMARCACI\u00d3N Y SE\u00d1ALIZACI\u00d3N - Canal Universitario \/ Universidad del Valle \/ Cali, Colombia\" \/>\n<meta property=\"og:description\" content=\"La demarcaci\u00f3n de v\u00edas y la instalaci\u00f3n de nuevas se\u00f1ales de tr\u00e1nsito, que cumplen con los requerimientos del nuevo Manual de Se\u00f1alizaci\u00f3n expedido por el Ministerio de Transporte, iniciar\u00e1 en diez d\u00edas. As\u00ed lo asegur\u00f3 el secretario de Tr\u00e1nsito, Alberto Hadad, quien indic\u00f3 que este plan de se\u00f1alizaci\u00f3n corresponde al[...]\" \/>\n<meta property=\"og:url\" content=\"https:\/\/canal.univalle.edu.co\/index.php\/vias-principales-de-cali-tendran-nueva-demarcacion-y-senalizacion\/\" \/>\n<meta property=\"og:site_name\" content=\"Canal Universitario \/ Universidad del Valle \/ Cali, Colombia\" \/>\n<meta property=\"article:published_time\" content=\"2015-11-17T15:29:47+00:00\" \/>\n<meta property=\"og:image\" content=\"https:\/\/canal.univalle.edu.co\/wp-content\/uploads\/2015\/07\/curvo-1.jpg\" \/>\n\t<meta property=\"og:image:width\" content=\"720\" \/>\n\t<meta property=\"og:image:height\" content=\"355\" \/>\n\t<meta property=\"og:image:type\" content=\"image\/jpeg\" \/>\n<meta name=\"author\" content=\"admin\" \/>\n<meta name=\"twitter:label1\" content=\"Escrito por\" \/>\n\t<meta name=\"twitter:data1\" content=\"admin\" \/>\n\t<meta name=\"twitter:label2\" content=\"Tiempo de lectura\" \/>\n\t<meta name=\"twitter:data2\" content=\"2 minutos\" \/>\n<script type=\"application\/ld+json\" class=\"yoast-schema-graph\">{\"@context\":\"https:\/\/schema.org\",\"@graph\":[{\"@type\":\"WebPage\",\"@id\":\"https:\/\/canal.univalle.edu.co\/index.php\/vias-principales-de-cali-tendran-nueva-demarcacion-y-senalizacion\/\",\"url\":\"https:\/\/canal.univalle.edu.co\/index.php\/vias-principales-de-cali-tendran-nueva-demarcacion-y-senalizacion\/\",\"name\":\"V\u00cdAS PRINCIPALES DE CALI TENDR\u00c1N NUEVA DEMARCACI\u00d3N Y SE\u00d1ALIZACI\u00d3N - Canal Universitario \/ Universidad del Valle \/ Cali, Colombia\",\"isPartOf\":{\"@id\":\"https:\/\/canal.univalle.edu.co\/#website\"},\"primaryImageOfPage\":{\"@id\":\"https:\/\/canal.univalle.edu.co\/index.php\/vias-principales-de-cali-tendran-nueva-demarcacion-y-senalizacion\/#primaryimage\"},\"image\":{\"@id\":\"https:\/\/canal.univalle.edu.co\/index.php\/vias-principales-de-cali-tendran-nueva-demarcacion-y-senalizacion\/#primaryimage\"},\"thumbnailUrl\":\"https:\/\/canal.univalle.edu.co\/wp-content\/uploads\/2015\/07\/curvo-1.jpg\",\"datePublished\":\"2015-11-17T15:29:47+00:00\",\"dateModified\":\"2015-11-17T15:29:47+00:00\",\"author\":{\"@id\":\"https:\/\/canal.univalle.edu.co\/#\/schema\/person\/fdb5cfa956cbb247f92e3dcdf4a14750\"},\"breadcrumb\":{\"@id\":\"https:\/\/canal.univalle.edu.co\/index.php\/vias-principales-de-cali-tendran-nueva-demarcacion-y-senalizacion\/#breadcrumb\"},\"inLanguage\":\"es\",\"potentialAction\":[{\"@type\":\"ReadAction\",\"target\":[\"https:\/\/canal.univalle.edu.co\/index.php\/vias-principales-de-cali-tendran-nueva-demarcacion-y-senalizacion\/\"]}]},{\"@type\":\"ImageObject\",\"inLanguage\":\"es\",\"@id\":\"https:\/\/canal.univalle.edu.co\/index.php\/vias-principales-de-cali-tendran-nueva-demarcacion-y-senalizacion\/#primaryimage\",\"url\":\"https:\/\/canal.univalle.edu.co\/wp-content\/uploads\/2015\/07\/curvo-1.jpg\",\"contentUrl\":\"https:\/\/canal.univalle.edu.co\/wp-content\/uploads\/2015\/07\/curvo-1.jpg\",\"width\":720,\"height\":355},{\"@type\":\"BreadcrumbList\",\"@id\":\"https:\/\/canal.univalle.edu.co\/index.php\/vias-principales-de-cali-tendran-nueva-demarcacion-y-senalizacion\/#breadcrumb\",\"itemListElement\":[{\"@type\":\"ListItem\",\"position\":1,\"name\":\"Portada\",\"item\":\"https:\/\/canal.univalle.edu.co\/\"},{\"@type\":\"ListItem\",\"position\":2,\"name\":\"V\u00cdAS PRINCIPALES DE CALI TENDR\u00c1N NUEVA DEMARCACI\u00d3N Y SE\u00d1ALIZACI\u00d3N\"}]},{\"@type\":\"WebSite\",\"@id\":\"https:\/\/canal.univalle.edu.co\/#website\",\"url\":\"https:\/\/canal.univalle.edu.co\/\",\"name\":\"Canal Universitario \/ Universidad del Valle \/ Cali, Colombia\",\"description\":\"Canal de la Universidad del Valle\",\"potentialAction\":[{\"@type\":\"SearchAction\",\"target\":{\"@type\":\"EntryPoint\",\"urlTemplate\":\"https:\/\/canal.univalle.edu.co\/?s={search_term_string}\"},\"query-input\":\"required name=search_term_string\"}],\"inLanguage\":\"es\"},{\"@type\":\"Person\",\"@id\":\"https:\/\/canal.univalle.edu.co\/#\/schema\/person\/fdb5cfa956cbb247f92e3dcdf4a14750\",\"name\":\"admin\",\"image\":{\"@type\":\"ImageObject\",\"inLanguage\":\"es\",\"@id\":\"https:\/\/canal.univalle.edu.co\/#\/schema\/person\/image\/\",\"url\":\"https:\/\/secure.gravatar.com\/avatar\/ff32245ed1c79b42b1478f4395c36c6d?s=96&d=monsterid&r=g\",\"contentUrl\":\"https:\/\/secure.gravatar.com\/avatar\/ff32245ed1c79b42b1478f4395c36c6d?s=96&d=monsterid&r=g\",\"caption\":\"admin\"},\"url\":\"https:\/\/canal.univalle.edu.co\/index.php\/author\/admin\/\"}]}<\/script>\n<!-- \/ Yoast SEO plugin. -->","yoast_head_json":{"title":"V\u00cdAS PRINCIPALES DE CALI TENDR\u00c1N NUEVA DEMARCACI\u00d3N Y SE\u00d1ALIZACI\u00d3N - Canal Universitario \/ Universidad del Valle \/ Cali, Colombia","robots":{"index":"index","follow":"follow","max-snippet":"max-snippet:-1","max-image-preview":"max-image-preview:large","max-video-preview":"max-video-preview:-1"},"canonical":"https:\/\/canal.univalle.edu.co\/index.php\/vias-principales-de-cali-tendran-nueva-demarcacion-y-senalizacion\/","og_locale":"es_ES","og_type":"article","og_title":"V\u00cdAS PRINCIPALES DE CALI TENDR\u00c1N NUEVA DEMARCACI\u00d3N Y SE\u00d1ALIZACI\u00d3N - Canal Universitario \/ Universidad del Valle \/ Cali, Colombia","og_description":"La demarcaci\u00f3n de v\u00edas y la instalaci\u00f3n de nuevas se\u00f1ales de tr\u00e1nsito, que cumplen con los requerimientos del nuevo Manual de Se\u00f1alizaci\u00f3n expedido por el Ministerio de Transporte, iniciar\u00e1 en diez d\u00edas. As\u00ed lo asegur\u00f3 el secretario de Tr\u00e1nsito, Alberto Hadad, quien indic\u00f3 que este plan de se\u00f1alizaci\u00f3n corresponde al[...]","og_url":"https:\/\/canal.univalle.edu.co\/index.php\/vias-principales-de-cali-tendran-nueva-demarcacion-y-senalizacion\/","og_site_name":"Canal Universitario \/ Universidad del Valle \/ Cali, Colombia","article_published_time":"2015-11-17T15:29:47+00:00","og_image":[{"width":720,"height":355,"url":"https:\/\/canal.univalle.edu.co\/wp-content\/uploads\/2015\/07\/curvo-1.jpg","type":"image\/jpeg"}],"author":"admin","twitter_misc":{"Escrito por":"admin","Tiempo de lectura":"2 minutos"},"schema":{"@context":"https:\/\/schema.org","@graph":[{"@type":"WebPage","@id":"https:\/\/canal.univalle.edu.co\/index.php\/vias-principales-de-cali-tendran-nueva-demarcacion-y-senalizacion\/","url":"https:\/\/canal.univalle.edu.co\/index.php\/vias-principales-de-cali-tendran-nueva-demarcacion-y-senalizacion\/","name":"V\u00cdAS PRINCIPALES DE CALI TENDR\u00c1N NUEVA DEMARCACI\u00d3N Y SE\u00d1ALIZACI\u00d3N - Canal Universitario \/ Universidad del Valle \/ Cali, Colombia","isPartOf":{"@id":"https:\/\/canal.univalle.edu.co\/#website"},"primaryImageOfPage":{"@id":"https:\/\/canal.univalle.edu.co\/index.php\/vias-principales-de-cali-tendran-nueva-demarcacion-y-senalizacion\/#primaryimage"},"image":{"@id":"https:\/\/canal.univalle.edu.co\/index.php\/vias-principales-de-cali-tendran-nueva-demarcacion-y-senalizacion\/#primaryimage"},"thumbnailUrl":"https:\/\/canal.univalle.edu.co\/wp-content\/uploads\/2015\/07\/curvo-1.jpg","datePublished":"2015-11-17T15:29:47+00:00","dateModified":"2015-11-17T15:29:47+00:00","author":{"@id":"https:\/\/canal.univalle.edu.co\/#\/schema\/person\/fdb5cfa956cbb247f92e3dcdf4a14750"},"breadcrumb":{"@id":"https:\/\/canal.univalle.edu.co\/index.php\/vias-principales-de-cali-tendran-nueva-demarcacion-y-senalizacion\/#breadcrumb"},"inLanguage":"es","potentialAction":[{"@type":"ReadAction","target":["https:\/\/canal.univalle.edu.co\/index.php\/vias-principales-de-cali-tendran-nueva-demarcacion-y-senalizacion\/"]}]},{"@type":"ImageObject","inLanguage":"es","@id":"https:\/\/canal.univalle.edu.co\/index.php\/vias-principales-de-cali-tendran-nueva-demarcacion-y-senalizacion\/#primaryimage","url":"https:\/\/canal.univalle.edu.co\/wp-content\/uploads\/2015\/07\/curvo-1.jpg","contentUrl":"https:\/\/canal.univalle.edu.co\/wp-content\/uploads\/2015\/07\/curvo-1.jpg","width":720,"height":355},{"@type":"BreadcrumbList","@id":"https:\/\/canal.univalle.edu.co\/index.php\/vias-principales-de-cali-tendran-nueva-demarcacion-y-senalizacion\/#breadcrumb","itemListElement":[{"@type":"ListItem","position":1,"name":"Portada","item":"https:\/\/canal.univalle.edu.co\/"},{"@type":"ListItem","position":2,"name":"V\u00cdAS PRINCIPALES DE CALI TENDR\u00c1N NUEVA DEMARCACI\u00d3N Y SE\u00d1ALIZACI\u00d3N"}]},{"@type":"WebSite","@id":"https:\/\/canal.univalle.edu.co\/#website","url":"https:\/\/canal.univalle.edu.co\/","name":"Canal Universitario \/ Universidad del Valle \/ Cali, Colombia","description":"Canal de la Universidad del Valle","potentialAction":[{"@type":"SearchAction","target":{"@type":"EntryPoint","urlTemplate":"https:\/\/canal.univalle.edu.co\/?s={search_term_string}"},"query-input":"required name=search_term_string"}],"inLanguage":"es"},{"@type":"Person","@id":"https:\/\/canal.univalle.edu.co\/#\/schema\/person\/fdb5cfa956cbb247f92e3dcdf4a14750","name":"admin","image":{"@type":"ImageObject","inLanguage":"es","@id":"https:\/\/canal.univalle.edu.co\/#\/schema\/person\/image\/","url":"https:\/\/secure.gravatar.com\/avatar\/ff32245ed1c79b42b1478f4395c36c6d?s=96&d=monsterid&r=g","contentUrl":"https:\/\/secure.gravatar.com\/avatar\/ff32245ed1c79b42b1478f4395c36c6d?s=96&d=monsterid&r=g","caption":"admin"},"url":"https:\/\/canal.univalle.edu.co\/index.php\/author\/admin\/"}]}},"_links":{"self":[{"href":"https:\/\/canal.univalle.edu.co\/index.php\/wp-json\/wp\/v2\/posts\/3230"}],"collection":[{"href":"https:\/\/canal.univalle.edu.co\/index.php\/wp-json\/wp\/v2\/posts"}],"about":[{"href":"https:\/\/canal.univalle.edu.co\/index.php\/wp-json\/wp\/v2\/types\/post"}],"author":[{"embeddable":true,"href":"https:\/\/canal.univalle.edu.co\/index.php\/wp-json\/wp\/v2\/users\/1"}],"replies":[{"embeddable":true,"href":"https:\/\/canal.univalle.edu.co\/index.php\/wp-json\/wp\/v2\/comments?post=3230"}],"version-history":[{"count":1,"href":"https:\/\/canal.univalle.edu.co\/index.php\/wp-json\/wp\/v2\/posts\/3230\/revisions"}],"predecessor-version":[{"id":3231,"href":"https:\/\/canal.univalle.edu.co\/index.php\/wp-json\/wp\/v2\/posts\/3230\/revisions\/3231"}],"wp:featuredmedia":[{"embeddable":true,"href":"https:\/\/canal.univalle.edu.co\/index.php\/wp-json\/wp\/v2\/media\/2372"}],"wp:attachment":[{"href":"https:\/\/canal.univalle.edu.co\/index.php\/wp-json\/wp\/v2\/media?parent=3230"}],"wp:term":[{"taxonomy":"category","embeddable":true,"href":"https:\/\/canal.univalle.edu.co\/index.php\/wp-json\/wp\/v2\/categories?post=3230"},{"taxonomy":"post_tag","embeddable":true,"href":"https:\/\/canal.univalle.edu.co\/index.php\/wp-json\/wp\/v2\/tags?post=3230"}],"curies":[{"name":"wp","href":"https:\/\/api.w.org\/{rel}","templated":true}]}}