








{"id":2717,"date":"2015-09-10T15:49:37","date_gmt":"2015-09-10T20:49:37","guid":{"rendered":"http:\/\/canal.univalle.edu.co\/?p=2717"},"modified":"2015-09-10T15:56:07","modified_gmt":"2015-09-10T20:56:07","slug":"inauguracion-del-mio-cable","status":"publish","type":"post","link":"https:\/\/canal.univalle.edu.co\/index.php\/inauguracion-del-mio-cable\/","title":{"rendered":"INAUGURACI\u00d3N DEL M\u00cdO CABLE"},"content":{"rendered":"<div style=\"color: #222222;\"><span style=\"font-size: 12pt; font-family: arial, helvetica, sans-serif;\">Para el viernes 18 de septiembre se tiene programada la inauguraci\u00f3n del M\u00cdO Cable, acto que contar\u00e1 con la presencia del presidente Juan Manuel Santos.<\/span><\/div>\n<div style=\"color: #222222;\"><span style=\"font-size: 12pt; font-family: arial, helvetica, sans-serif;\">\u00a0<\/span><\/div>\n<div style=\"color: #222222;\"><span style=\"font-size: 12pt; font-family: arial, helvetica, sans-serif;\">As\u00ed lo explic\u00f3 el presidente de Metrocali, Luis Fernando Sandoval, durante el foro de movilidad organizado por el Consorcio Ciudadano, que tuvo lugar ayer en la C\u00e1mara de Comercio.<\/span><\/div>\n<div style=\"color: #222222;\"><span style=\"font-size: 12pt; font-family: arial, helvetica, sans-serif;\">\u00a0<\/span><\/div>\n<div style=\"color: #222222;\"><span style=\"font-size: 12pt; font-family: arial, helvetica, sans-serif;\">De acuerdo con el directivo de Metrocali, una vez se inaugure el sistema comenzar\u00e1n los recorridos promocionales en el cable\u00a0los cuales durar\u00e1n 15 d\u00edas.<\/span><\/div>\n<div style=\"color: #222222;\"><span style=\"font-size: 12pt; font-family: arial, helvetica, sans-serif;\">\u00a0<\/span><\/div>\n<div style=\"color: #222222;\"><span style=\"font-size: 12pt; font-family: arial, helvetica, sans-serif;\">El pasaje gratuito ser\u00e1 para quienes aborden el sistema desde alguna de las estaciones de ladera (es decir, en recorrido de bajada).<\/span><\/div>\n<div style=\"color: #222222;\"><span style=\"font-size: 12pt; font-family: arial, helvetica, sans-serif;\">\u00a0<\/span><\/div>\n<div style=\"color: #222222;\"><span style=\"font-size: 12pt; font-family: arial, helvetica, sans-serif;\">El costo del pasaje en \u00a0M\u00cdO Cable ser\u00e1 de $1700 para quienes ingresen en las estaciones de Tierra Blanca, Lleras Camargo y Brisas de Mayo (en la Comuna 20) o para quienes accedan desde otras estaciones del M\u00cdO, ya que el sistema de transporte masivo de la zona plana se integrar\u00e1 con el de la ladera.<\/span><\/div>\n<div style=\"color: #222222;\"><span style=\"font-size: 12pt; font-family: arial, helvetica, sans-serif;\">\u00a0<\/span><\/div>\n<div style=\"color: #222222;\"><span style=\"font-size: 12pt; font-family: arial, helvetica, sans-serif;\">Como sistema alimentador, Metrocali ha planteado que los camperos de la zona, especialmente para quienes se encuentren a m\u00e1s de 300 metros de las estaciones del M\u00cdO Cable.\u00a0<\/span><\/div>\n<div style=\"color: #222222;\"><span style=\"font-size: 12pt; font-family: arial, helvetica, sans-serif;\">\u00a0<\/span><\/div>\n<div style=\"color: #222222;\"><span style=\"font-size: 12pt; font-family: arial, helvetica, sans-serif;\">Por este servicio, indica Metrocali, los usuarios pagar\u00e1n a las \u2018gualas\u2019 $500. Es decir, que quienes usen el servicio de los camperos m\u00e1s el M\u00cdO Cable, pagar\u00e1n $2200 por trayecto, hasta su destino final.<\/span><\/div>\n<div style=\"color: #222222;\"><span style=\"font-size: 12pt; font-family: arial, helvetica, sans-serif;\">\u00a0<\/span><\/div>\n<div style=\"color: #222222;\"><span style=\"font-size: 12pt; font-family: arial, helvetica, sans-serif;\">Sandoval indica que esto es m\u00e1s econ\u00f3mico sobre lo que actualmente pagan los habitantes de la ladera, que cancelan entre $1700 y $2000 para que las \u2018gualas\u2019 los transporten hasta la zona plana y de ah\u00ed otros $1700 de lo que cuesta el pasaje en el M\u00cdO.<\/span><\/div>\n<div style=\"color: #222222;\"><span style=\"font-size: 12pt; font-family: arial, helvetica, sans-serif;\">\u00a0<\/span><\/div>\n<div style=\"color: #222222;\"><span style=\"font-size: 12pt; font-family: arial, helvetica, sans-serif;\">Sin embargo, \u00c1lvaro Lara, gerente de la Cooperativa La Estrella, que tiene 75 \u2018gualas\u2019 dijo que los usuarios de este transporte pagan $1500 desde Silo\u00e9 hasta la Terminal de Transporte, pasando por el centro.<\/span><\/div>\n<div style=\"color: #222222;\"><span style=\"font-size: 12pt; font-family: arial, helvetica, sans-serif;\">\u00a0<\/span><\/div>\n<div style=\"color: #222222;\"><span style=\"font-size: 12pt; font-family: arial, helvetica, sans-serif;\">\u201cEs un error poner a pagar m\u00e1s a la gente y esa es la raz\u00f3n por la que no hemos llegado a un acuerdo con Metrocali. El problema es que si las \u2018gualas\u2019 solo las dejan \u00a0en la ladera, con ese precio, \u00a0los pasajeros que actualmente movemos (cerca de 15.000 diarios) buscar\u00e1n a los \u2018piratas\u2019\u201d, sostuvo Lara.<\/span><\/div>\n<div style=\"color: #222222;\"><span style=\"font-size: 12pt; font-family: arial, helvetica, sans-serif;\">\u00a0<\/span><\/div>\n<div style=\"color: #222222;\"><span style=\"font-size: 12pt; font-family: arial, helvetica, sans-serif;\">Alberto Hadad, secretario de Tr\u00e1nsito de Cali, dijo que actualmente se est\u00e1 revisando las rutas de los camperos en la ladera, cuyos recorridos ser\u00e1n reestructurados.<\/span><\/div>\n<div style=\"color: #222222;\"><span style=\"font-size: 12pt; font-family: arial, helvetica, sans-serif;\">\u00a0<\/span><\/div>\n<div style=\"color: #222222;\"><span style=\"font-size: 12pt; font-family: arial, helvetica, sans-serif;\">Hasta la fecha no existe la resoluci\u00f3n emitida por la Secretar\u00eda de Tr\u00e1nsito que reestructure las rutas de la ladera.<\/span><\/div>\n<div style=\"color: #222222;\"><\/div>\n<div style=\"color: #222222;\"><span style=\"font-size: 12pt; font-family: arial, helvetica, sans-serif;\">Tomado de: El Pais.<\/span><\/div>\n","protected":false},"excerpt":{"rendered":"<p>Para el viernes 18 de septiembre se tiene programada la inauguraci\u00f3n del M\u00cdO Cable, acto que contar\u00e1 con la presencia del presidente Juan Manuel Santos. \u00a0 As\u00ed lo explic\u00f3 el presidente de Metrocali, Luis Fernando Sandoval, durante el foro de movilidad organizado por el Consorcio Ciudadano, que tuvo lugar ayer[&#8230;]<\/p>\n","protected":false},"author":1,"featured_media":2719,"comment_status":"open","ping_status":"open","sticky":false,"template":"","format":"standard","meta":{"footnotes":""},"categories":[4],"tags":[],"yoast_head":"<!-- This site is optimized with the Yoast SEO plugin v22.2 - https:\/\/yoast.com\/wordpress\/plugins\/seo\/ -->\n<title>INAUGURACI\u00d3N DEL M\u00cdO CABLE  - Canal Universitario \/ Universidad del Valle \/ Cali, Colombia<\/title>\n<meta name=\"robots\" content=\"index, follow, max-snippet:-1, max-image-preview:large, max-video-preview:-1\" \/>\n<link rel=\"canonical\" href=\"https:\/\/canal.univalle.edu.co\/index.php\/inauguracion-del-mio-cable\/\" \/>\n<meta property=\"og:locale\" content=\"es_ES\" \/>\n<meta property=\"og:type\" content=\"article\" \/>\n<meta property=\"og:title\" content=\"INAUGURACI\u00d3N DEL M\u00cdO CABLE  - Canal Universitario \/ Universidad del Valle \/ Cali, Colombia\" \/>\n<meta property=\"og:description\" content=\"Para el viernes 18 de septiembre se tiene programada la inauguraci\u00f3n del M\u00cdO Cable, acto que contar\u00e1 con la presencia del presidente Juan Manuel Santos. \u00a0 As\u00ed lo explic\u00f3 el presidente de Metrocali, Luis Fernando Sandoval, durante el foro de movilidad organizado por el Consorcio Ciudadano, que tuvo lugar ayer[...]\" \/>\n<meta property=\"og:url\" content=\"https:\/\/canal.univalle.edu.co\/index.php\/inauguracion-del-mio-cable\/\" \/>\n<meta property=\"og:site_name\" content=\"Canal Universitario \/ Universidad del Valle \/ Cali, Colombia\" \/>\n<meta property=\"article:published_time\" content=\"2015-09-10T20:49:37+00:00\" \/>\n<meta property=\"article:modified_time\" content=\"2015-09-10T20:56:07+00:00\" \/>\n<meta property=\"og:image\" content=\"https:\/\/canal.univalle.edu.co\/wp-content\/uploads\/2015\/09\/1.jpg\" \/>\n\t<meta property=\"og:image:width\" content=\"679\" \/>\n\t<meta property=\"og:image:height\" content=\"340\" \/>\n\t<meta property=\"og:image:type\" content=\"image\/jpeg\" \/>\n<meta name=\"author\" content=\"admin\" \/>\n<meta name=\"twitter:label1\" content=\"Escrito por\" \/>\n\t<meta name=\"twitter:data1\" content=\"admin\" \/>\n\t<meta name=\"twitter:label2\" content=\"Tiempo de lectura\" \/>\n\t<meta name=\"twitter:data2\" content=\"2 minutos\" \/>\n<script type=\"application\/ld+json\" class=\"yoast-schema-graph\">{\"@context\":\"https:\/\/schema.org\",\"@graph\":[{\"@type\":\"WebPage\",\"@id\":\"https:\/\/canal.univalle.edu.co\/index.php\/inauguracion-del-mio-cable\/\",\"url\":\"https:\/\/canal.univalle.edu.co\/index.php\/inauguracion-del-mio-cable\/\",\"name\":\"INAUGURACI\u00d3N DEL M\u00cdO CABLE - Canal Universitario \/ Universidad del Valle \/ Cali, Colombia\",\"isPartOf\":{\"@id\":\"https:\/\/canal.univalle.edu.co\/#website\"},\"primaryImageOfPage\":{\"@id\":\"https:\/\/canal.univalle.edu.co\/index.php\/inauguracion-del-mio-cable\/#primaryimage\"},\"image\":{\"@id\":\"https:\/\/canal.univalle.edu.co\/index.php\/inauguracion-del-mio-cable\/#primaryimage\"},\"thumbnailUrl\":\"https:\/\/canal.univalle.edu.co\/wp-content\/uploads\/2015\/09\/1.jpg\",\"datePublished\":\"2015-09-10T20:49:37+00:00\",\"dateModified\":\"2015-09-10T20:56:07+00:00\",\"author\":{\"@id\":\"https:\/\/canal.univalle.edu.co\/#\/schema\/person\/fdb5cfa956cbb247f92e3dcdf4a14750\"},\"breadcrumb\":{\"@id\":\"https:\/\/canal.univalle.edu.co\/index.php\/inauguracion-del-mio-cable\/#breadcrumb\"},\"inLanguage\":\"es\",\"potentialAction\":[{\"@type\":\"ReadAction\",\"target\":[\"https:\/\/canal.univalle.edu.co\/index.php\/inauguracion-del-mio-cable\/\"]}]},{\"@type\":\"ImageObject\",\"inLanguage\":\"es\",\"@id\":\"https:\/\/canal.univalle.edu.co\/index.php\/inauguracion-del-mio-cable\/#primaryimage\",\"url\":\"https:\/\/canal.univalle.edu.co\/wp-content\/uploads\/2015\/09\/1.jpg\",\"contentUrl\":\"https:\/\/canal.univalle.edu.co\/wp-content\/uploads\/2015\/09\/1.jpg\",\"width\":679,\"height\":340},{\"@type\":\"BreadcrumbList\",\"@id\":\"https:\/\/canal.univalle.edu.co\/index.php\/inauguracion-del-mio-cable\/#breadcrumb\",\"itemListElement\":[{\"@type\":\"ListItem\",\"position\":1,\"name\":\"Portada\",\"item\":\"https:\/\/canal.univalle.edu.co\/\"},{\"@type\":\"ListItem\",\"position\":2,\"name\":\"INAUGURACI\u00d3N DEL M\u00cdO CABLE\"}]},{\"@type\":\"WebSite\",\"@id\":\"https:\/\/canal.univalle.edu.co\/#website\",\"url\":\"https:\/\/canal.univalle.edu.co\/\",\"name\":\"Canal Universitario \/ Universidad del Valle \/ Cali, Colombia\",\"description\":\"Canal de la Universidad del Valle\",\"potentialAction\":[{\"@type\":\"SearchAction\",\"target\":{\"@type\":\"EntryPoint\",\"urlTemplate\":\"https:\/\/canal.univalle.edu.co\/?s={search_term_string}\"},\"query-input\":\"required name=search_term_string\"}],\"inLanguage\":\"es\"},{\"@type\":\"Person\",\"@id\":\"https:\/\/canal.univalle.edu.co\/#\/schema\/person\/fdb5cfa956cbb247f92e3dcdf4a14750\",\"name\":\"admin\",\"image\":{\"@type\":\"ImageObject\",\"inLanguage\":\"es\",\"@id\":\"https:\/\/canal.univalle.edu.co\/#\/schema\/person\/image\/\",\"url\":\"https:\/\/secure.gravatar.com\/avatar\/ff32245ed1c79b42b1478f4395c36c6d?s=96&d=monsterid&r=g\",\"contentUrl\":\"https:\/\/secure.gravatar.com\/avatar\/ff32245ed1c79b42b1478f4395c36c6d?s=96&d=monsterid&r=g\",\"caption\":\"admin\"},\"url\":\"https:\/\/canal.univalle.edu.co\/index.php\/author\/admin\/\"}]}<\/script>\n<!-- \/ Yoast SEO plugin. -->","yoast_head_json":{"title":"INAUGURACI\u00d3N DEL M\u00cdO CABLE  - Canal Universitario \/ Universidad del Valle \/ Cali, Colombia","robots":{"index":"index","follow":"follow","max-snippet":"max-snippet:-1","max-image-preview":"max-image-preview:large","max-video-preview":"max-video-preview:-1"},"canonical":"https:\/\/canal.univalle.edu.co\/index.php\/inauguracion-del-mio-cable\/","og_locale":"es_ES","og_type":"article","og_title":"INAUGURACI\u00d3N DEL M\u00cdO CABLE  - Canal Universitario \/ Universidad del Valle \/ Cali, Colombia","og_description":"Para el viernes 18 de septiembre se tiene programada la inauguraci\u00f3n del M\u00cdO Cable, acto que contar\u00e1 con la presencia del presidente Juan Manuel Santos. \u00a0 As\u00ed lo explic\u00f3 el presidente de Metrocali, Luis Fernando Sandoval, durante el foro de movilidad organizado por el Consorcio Ciudadano, que tuvo lugar ayer[...]","og_url":"https:\/\/canal.univalle.edu.co\/index.php\/inauguracion-del-mio-cable\/","og_site_name":"Canal Universitario \/ Universidad del Valle \/ Cali, Colombia","article_published_time":"2015-09-10T20:49:37+00:00","article_modified_time":"2015-09-10T20:56:07+00:00","og_image":[{"width":679,"height":340,"url":"https:\/\/canal.univalle.edu.co\/wp-content\/uploads\/2015\/09\/1.jpg","type":"image\/jpeg"}],"author":"admin","twitter_misc":{"Escrito por":"admin","Tiempo de lectura":"2 minutos"},"schema":{"@context":"https:\/\/schema.org","@graph":[{"@type":"WebPage","@id":"https:\/\/canal.univalle.edu.co\/index.php\/inauguracion-del-mio-cable\/","url":"https:\/\/canal.univalle.edu.co\/index.php\/inauguracion-del-mio-cable\/","name":"INAUGURACI\u00d3N DEL M\u00cdO CABLE - Canal Universitario \/ Universidad del Valle \/ Cali, Colombia","isPartOf":{"@id":"https:\/\/canal.univalle.edu.co\/#website"},"primaryImageOfPage":{"@id":"https:\/\/canal.univalle.edu.co\/index.php\/inauguracion-del-mio-cable\/#primaryimage"},"image":{"@id":"https:\/\/canal.univalle.edu.co\/index.php\/inauguracion-del-mio-cable\/#primaryimage"},"thumbnailUrl":"https:\/\/canal.univalle.edu.co\/wp-content\/uploads\/2015\/09\/1.jpg","datePublished":"2015-09-10T20:49:37+00:00","dateModified":"2015-09-10T20:56:07+00:00","author":{"@id":"https:\/\/canal.univalle.edu.co\/#\/schema\/person\/fdb5cfa956cbb247f92e3dcdf4a14750"},"breadcrumb":{"@id":"https:\/\/canal.univalle.edu.co\/index.php\/inauguracion-del-mio-cable\/#breadcrumb"},"inLanguage":"es","potentialAction":[{"@type":"ReadAction","target":["https:\/\/canal.univalle.edu.co\/index.php\/inauguracion-del-mio-cable\/"]}]},{"@type":"ImageObject","inLanguage":"es","@id":"https:\/\/canal.univalle.edu.co\/index.php\/inauguracion-del-mio-cable\/#primaryimage","url":"https:\/\/canal.univalle.edu.co\/wp-content\/uploads\/2015\/09\/1.jpg","contentUrl":"https:\/\/canal.univalle.edu.co\/wp-content\/uploads\/2015\/09\/1.jpg","width":679,"height":340},{"@type":"BreadcrumbList","@id":"https:\/\/canal.univalle.edu.co\/index.php\/inauguracion-del-mio-cable\/#breadcrumb","itemListElement":[{"@type":"ListItem","position":1,"name":"Portada","item":"https:\/\/canal.univalle.edu.co\/"},{"@type":"ListItem","position":2,"name":"INAUGURACI\u00d3N DEL M\u00cdO CABLE"}]},{"@type":"WebSite","@id":"https:\/\/canal.univalle.edu.co\/#website","url":"https:\/\/canal.univalle.edu.co\/","name":"Canal Universitario \/ Universidad del Valle \/ Cali, Colombia","description":"Canal de la Universidad del Valle","potentialAction":[{"@type":"SearchAction","target":{"@type":"EntryPoint","urlTemplate":"https:\/\/canal.univalle.edu.co\/?s={search_term_string}"},"query-input":"required name=search_term_string"}],"inLanguage":"es"},{"@type":"Person","@id":"https:\/\/canal.univalle.edu.co\/#\/schema\/person\/fdb5cfa956cbb247f92e3dcdf4a14750","name":"admin","image":{"@type":"ImageObject","inLanguage":"es","@id":"https:\/\/canal.univalle.edu.co\/#\/schema\/person\/image\/","url":"https:\/\/secure.gravatar.com\/avatar\/ff32245ed1c79b42b1478f4395c36c6d?s=96&d=monsterid&r=g","contentUrl":"https:\/\/secure.gravatar.com\/avatar\/ff32245ed1c79b42b1478f4395c36c6d?s=96&d=monsterid&r=g","caption":"admin"},"url":"https:\/\/canal.univalle.edu.co\/index.php\/author\/admin\/"}]}},"_links":{"self":[{"href":"https:\/\/canal.univalle.edu.co\/index.php\/wp-json\/wp\/v2\/posts\/2717"}],"collection":[{"href":"https:\/\/canal.univalle.edu.co\/index.php\/wp-json\/wp\/v2\/posts"}],"about":[{"href":"https:\/\/canal.univalle.edu.co\/index.php\/wp-json\/wp\/v2\/types\/post"}],"author":[{"embeddable":true,"href":"https:\/\/canal.univalle.edu.co\/index.php\/wp-json\/wp\/v2\/users\/1"}],"replies":[{"embeddable":true,"href":"https:\/\/canal.univalle.edu.co\/index.php\/wp-json\/wp\/v2\/comments?post=2717"}],"version-history":[{"count":1,"href":"https:\/\/canal.univalle.edu.co\/index.php\/wp-json\/wp\/v2\/posts\/2717\/revisions"}],"predecessor-version":[{"id":2718,"href":"https:\/\/canal.univalle.edu.co\/index.php\/wp-json\/wp\/v2\/posts\/2717\/revisions\/2718"}],"wp:featuredmedia":[{"embeddable":true,"href":"https:\/\/canal.univalle.edu.co\/index.php\/wp-json\/wp\/v2\/media\/2719"}],"wp:attachment":[{"href":"https:\/\/canal.univalle.edu.co\/index.php\/wp-json\/wp\/v2\/media?parent=2717"}],"wp:term":[{"taxonomy":"category","embeddable":true,"href":"https:\/\/canal.univalle.edu.co\/index.php\/wp-json\/wp\/v2\/categories?post=2717"},{"taxonomy":"post_tag","embeddable":true,"href":"https:\/\/canal.univalle.edu.co\/index.php\/wp-json\/wp\/v2\/tags?post=2717"}],"curies":[{"name":"wp","href":"https:\/\/api.w.org\/{rel}","templated":true}]}}